{"id":4304,"date":"2022-10-23T10:11:48","date_gmt":"2022-10-23T10:11:48","guid":{"rendered":"https:\/\/carballodesantamargarida.org\/robusrobur\/?p=4304"},"modified":"2022-10-23T10:14:51","modified_gmt":"2022-10-23T10:14:51","slug":"hace-136-anos-que-se-me-dio-por-muerto","status":"publish","type":"post","link":"https:\/\/carballodesantamargarida.org\/robusrobur\/index.php\/2022\/10\/23\/hace-136-anos-que-se-me-dio-por-muerto\/","title":{"rendered":"Hace 136 a\u00f1os que se me dio por muerto"},"content":{"rendered":"\n<p>La intensa lluvia de esta semana ha hecho brotar en este \u00e1rbol viejo, el recuerdo de un hecho, que sucedi\u00f3 hace ya mucho tiempo. Y es que este tronco maltrecho ha vivido tormentas, vientos huracanados y tempestades, que han dejado huella en la memoria y la historia de este Quercus. Pero hay una de estas manifestaciones de la furia de la naturaleza que se ha quedado m\u00e1s grabada que ninguna.<\/p>\n\n\n\n<p>Fue un d\u00eda quince del mes de diciembre. Corr\u00eda el a\u00f1o de mil ochocientos ochenta y seis. En ese momento era yo un robusto roble, con un tronco erguido y derecho, que no alcanzaban a abrazar ocho humanos con los brazos abiertos. Como enemigo que llega al acecho en la noche, se levant\u00f3 en esta mi Pontevedra un viento huracanado, que desat\u00f3 su furia con tanta bravura, que parec\u00eda que aquel era el \u00faltimo d\u00eda de la vida de este anciano. As\u00ed mis ra\u00edces a la tierra con toda la fuerza de roble que por mi salvia corr\u00eda. Mis gruesas ramas temblaban movidas por la dureza del vendaval y las finas se zarandeaban de un lado a otro como estandartes de una cohorte de zar. Escuch\u00e9 en la lejan\u00eda cientos de estruendos, y como bat\u00eda el viento en tejados, cristales y templos. Las tejas ced\u00edan ligeras y ca\u00edan al suelo, las ramas de mis hermanos golpeaban las ventanas como mil almas en duelo. El agua impactaba sobre mi tronco, que resist\u00eda con penuria, aquella desalmada lluvia, que ca\u00eda de un cielo negro en el que apenas se distingu\u00edan las nubes, de las que con tanta intensidad se desprend\u00edan. Me agarr\u00e9 m\u00e1s y m\u00e1s fuerte al h\u00famedo suelo, sin ceder un mil\u00edmetro de terreno. Pas\u00e9 una noche de infierno, luchando contra aquel temible viento, que abri\u00f3 una brecha en mi cuerpo, pero no pudo acabar con este roble viejo.<\/p>\n\n\n\n<p>Cuando la ciudad despert\u00f3 de aquel mal sue\u00f1o, se encontr\u00f3 con cientos de desperfectos. Y llegaron pronto a mi copa, las noticias de que el violento elemento se hab\u00eda ensa\u00f1ado con farolas y carruajes, que aparecieron tumbados y dados la vuelta por aquel salvaje. Y con las torres de la maravillosa Peregrina, que seg\u00fan dec\u00edan algunos, hab\u00eda derribado. Pero \u00a1Qui\u00e9n puede saber si es eso fue cierto! Pues seg\u00fan lleg\u00f3 a este anciano verde pasado el tiempo, se public\u00f3 en una revista de la capital del reino, un art\u00edculo que aseguraba que el Roble de Santa Margarita, hab\u00eda sido arrancado de ra\u00edz por aquel violento viento y hab\u00eda perecido despu\u00e9s de desplomarse su tronco viejo.<\/p>\n\n\n\n<p>Las p\u00e1ginas de la ilustrada revista corrieron como lo p\u00f3lvora, pues en esos d\u00edas en los que s\u00f3lo el papel y la voz llevaban las noticias, se daba por cierto todo lo que en ellas se dec\u00eda. Y quiz\u00e1 por eso, solo los que aqu\u00ed cerca viv\u00edan, sab\u00edan que el roble de Santa Margarita segu\u00eda vivo tras haber sido dado por muerto.<\/p>\n\n\n\n<p>Ahora es para m\u00ed solo un recuerdo y para los humanos, un art\u00edculo de libros viejos de bibliotecas y anticuarios de los que, si uno se f\u00eda, llevo muerto m\u00e1s de ciento treinta a\u00f1os.<\/p>\n\n\n\n<p>Robustus Robur<\/p>\n","protected":false},"excerpt":{"rendered":"<p>La intensa lluvia de esta semana ha hecho brotar en este \u00e1rbol viejo, el recuerdo de un hecho, que sucedi\u00f3 hace ya mucho tiempo. Y es que este tronco maltrecho ha vivido tormentas, vientos huracanados y tempestades, que han dejado huella en la memoria y la historia de este Quercus. Pero hay una de estas [&hellip;]<\/p>\n","protected":false},"author":1,"featured_media":4305,"comment_status":"open","ping_status":"open","sticky":false,"template":"","format":"standard","meta":[],"categories":[9],"tags":[29,23,28,18,17,27,15,35,19],"jetpack_featured_media_url":"https:\/\/carballodesantamargarida.org\/robusrobur\/wp-content\/uploads\/2022\/10\/20221023_Hace-136-anos.png","yoast_head":"<!-- This site is optimized with the Yoast SEO plugin v15.3 - https:\/\/yoast.com\/wordpress\/plugins\/seo\/ -->\n<title>Hace 136 a\u00f1os que se me dio por muerto - Roble de Santa Margarita - Carballo de Santa Margarida<\/title>\n<meta name=\"robots\" content=\"index, follow, max-snippet:-1, max-image-preview:large, max-video-preview:-1\" \/>\n<link rel=\"canonical\" href=\"https:\/\/carballodesantamargarida.org\/robusrobur\/index.php\/2022\/10\/23\/hace-136-anos-que-se-me-dio-por-muerto\/\" \/>\n<meta property=\"og:locale\" content=\"es_ES\" \/>\n<meta property=\"og:type\" content=\"article\" \/>\n<meta property=\"og:title\" content=\"Hace 136 a\u00f1os que se me dio por muerto - Roble de Santa Margarita - Carballo de Santa Margarida\" \/>\n<meta property=\"og:description\" content=\"La intensa lluvia de esta semana ha hecho brotar en este \u00e1rbol viejo, el recuerdo de un hecho, que sucedi\u00f3 hace ya mucho tiempo. Y es que este tronco maltrecho ha vivido tormentas, vientos huracanados y tempestades, que han dejado huella en la memoria y la historia de este Quercus. Pero hay una de estas [&hellip;]\" \/>\n<meta property=\"og:url\" content=\"https:\/\/carballodesantamargarida.org\/robusrobur\/index.php\/2022\/10\/23\/hace-136-anos-que-se-me-dio-por-muerto\/\" \/>\n<meta property=\"og:site_name\" content=\"Roble de Santa Margarita - Carballo de Santa Margarida\" \/>\n<meta property=\"article:publisher\" content=\"https:\/\/www.facebook.com\/ACRobusRobur\" \/>\n<meta property=\"article:published_time\" content=\"2022-10-23T10:11:48+00:00\" \/>\n<meta property=\"article:modified_time\" content=\"2022-10-23T10:14:51+00:00\" \/>\n<meta property=\"og:image\" content=\"https:\/\/carballodesantamargarida.org\/robusrobur\/wp-content\/uploads\/2022\/10\/20221023_Hace-136-anos.png\" \/>\n\t<meta property=\"og:image:width\" content=\"571\" \/>\n\t<meta property=\"og:image:height\" content=\"379\" \/>\n<meta name=\"twitter:card\" content=\"summary_large_image\" \/>\n<meta name=\"twitter:label1\" content=\"Escrito por\">\n\t<meta name=\"twitter:data1\" content=\"admin\">\n\t<meta name=\"twitter:label2\" content=\"Tiempo de lectura\">\n\t<meta name=\"twitter:data2\" content=\"2 minutos\">\n<script type=\"application\/ld+json\" class=\"yoast-schema-graph\">{\"@context\":\"https:\/\/schema.org\",\"@graph\":[{\"@type\":\"Organization\",\"@id\":\"https:\/\/carballodesantamargarida.org\/robusrobur\/#organization\",\"name\":\"Asociaci\\u00f3n Cultural Robus Robur\",\"url\":\"https:\/\/carballodesantamargarida.org\/robusrobur\/\",\"sameAs\":[\"https:\/\/www.facebook.com\/ACRobusRobur\",\"https:\/\/www.instagram.com\/robusrobur\/\",\"https:\/\/es.wikipedia.org\/wiki\/Archivo:Roble_de_Santa_Margarita.jpg\"],\"logo\":{\"@type\":\"ImageObject\",\"@id\":\"https:\/\/carballodesantamargarida.org\/robusrobur\/#logo\",\"inLanguage\":\"es\",\"url\":\"https:\/\/carballodesantamargarida.org\/robusrobur\/wp-content\/uploads\/2020\/12\/cropped-20201221_Logo-tronco-marron-con-nombre-2.jpg\",\"width\":160,\"height\":128,\"caption\":\"Asociaci\\u00f3n Cultural Robus Robur\"},\"image\":{\"@id\":\"https:\/\/carballodesantamargarida.org\/robusrobur\/#logo\"}},{\"@type\":\"WebSite\",\"@id\":\"https:\/\/carballodesantamargarida.org\/robusrobur\/#website\",\"url\":\"https:\/\/carballodesantamargarida.org\/robusrobur\/\",\"name\":\"Roble de Santa Margarita - Carballo de Santa Margarida\",\"description\":\"Patrimonio Natural y Cultural del Carballo de Santa Margarita (Robus Robur). Naturaleza, Biolog\\u00eda, zoolog\\u00eda, estaciones del a\\u00f1o, poes\\u00eda, fotograf\\u00edas, artes pl\\u00e1sticas, recuerdos familiares, historia y simbolismo el este roble. P\\u00e1gina gamificada, incluye juego del Bellota-game y reto del Bellota-game Agallas.\",\"publisher\":{\"@id\":\"https:\/\/carballodesantamargarida.org\/robusrobur\/#organization\"},\"potentialAction\":[{\"@type\":\"SearchAction\",\"target\":\"https:\/\/carballodesantamargarida.org\/robusrobur\/?s={search_term_string}\",\"query-input\":\"required name=search_term_string\"}],\"inLanguage\":\"es\"},{\"@type\":\"ImageObject\",\"@id\":\"https:\/\/carballodesantamargarida.org\/robusrobur\/index.php\/2022\/10\/23\/hace-136-anos-que-se-me-dio-por-muerto\/#primaryimage\",\"inLanguage\":\"es\",\"url\":\"https:\/\/carballodesantamargarida.org\/robusrobur\/wp-content\/uploads\/2022\/10\/20221023_Hace-136-anos.png\",\"width\":571,\"height\":379},{\"@type\":[\"WebPage\",\"ItemPage\"],\"@id\":\"https:\/\/carballodesantamargarida.org\/robusrobur\/index.php\/2022\/10\/23\/hace-136-anos-que-se-me-dio-por-muerto\/#webpage\",\"url\":\"https:\/\/carballodesantamargarida.org\/robusrobur\/index.php\/2022\/10\/23\/hace-136-anos-que-se-me-dio-por-muerto\/\",\"name\":\"Hace 136 a\\u00f1os que se me dio por muerto - Roble de Santa Margarita - Carballo de Santa Margarida\",\"isPartOf\":{\"@id\":\"https:\/\/carballodesantamargarida.org\/robusrobur\/#website\"},\"primaryImageOfPage\":{\"@id\":\"https:\/\/carballodesantamargarida.org\/robusrobur\/index.php\/2022\/10\/23\/hace-136-anos-que-se-me-dio-por-muerto\/#primaryimage\"},\"datePublished\":\"2022-10-23T10:11:48+00:00\",\"dateModified\":\"2022-10-23T10:14:51+00:00\",\"inLanguage\":\"es\",\"potentialAction\":[{\"@type\":\"ReadAction\",\"target\":[\"https:\/\/carballodesantamargarida.org\/robusrobur\/index.php\/2022\/10\/23\/hace-136-anos-que-se-me-dio-por-muerto\/\"]}]},{\"@type\":\"Article\",\"@id\":\"https:\/\/carballodesantamargarida.org\/robusrobur\/index.php\/2022\/10\/23\/hace-136-anos-que-se-me-dio-por-muerto\/#article\",\"isPartOf\":{\"@id\":\"https:\/\/carballodesantamargarida.org\/robusrobur\/index.php\/2022\/10\/23\/hace-136-anos-que-se-me-dio-por-muerto\/#webpage\"},\"author\":{\"@id\":\"https:\/\/carballodesantamargarida.org\/robusrobur\/#\/schema\/person\/446e16ae3e225c4fcb4c5e4f57370987\"},\"headline\":\"Hace 136 a\\u00f1os que se me dio por muerto\",\"datePublished\":\"2022-10-23T10:11:48+00:00\",\"dateModified\":\"2022-10-23T10:14:51+00:00\",\"mainEntityOfPage\":{\"@id\":\"https:\/\/carballodesantamargarida.org\/robusrobur\/index.php\/2022\/10\/23\/hace-136-anos-que-se-me-dio-por-muerto\/#webpage\"},\"commentCount\":0,\"publisher\":{\"@id\":\"https:\/\/carballodesantamargarida.org\/robusrobur\/#organization\"},\"image\":{\"@id\":\"https:\/\/carballodesantamargarida.org\/robusrobur\/index.php\/2022\/10\/23\/hace-136-anos-que-se-me-dio-por-muerto\/#primaryimage\"},\"keywords\":\"\\u00c1rboles,Familia,Naturaleza,Patrimonio cultural,Patrimonio natural,Pontevedra,Roble,Robustus Robur,Santa Margarita\",\"articleSection\":\"Robustus Robur\",\"inLanguage\":\"es\",\"potentialAction\":[{\"@type\":\"CommentAction\",\"name\":\"Comment\",\"target\":[\"https:\/\/carballodesantamargarida.org\/robusrobur\/index.php\/2022\/10\/23\/hace-136-anos-que-se-me-dio-por-muerto\/#respond\"]}]},{\"@type\":\"Person\",\"@id\":\"https:\/\/carballodesantamargarida.org\/robusrobur\/#\/schema\/person\/446e16ae3e225c4fcb4c5e4f57370987\",\"name\":\"admin\",\"image\":{\"@type\":\"ImageObject\",\"@id\":\"https:\/\/carballodesantamargarida.org\/robusrobur\/#personlogo\",\"inLanguage\":\"es\",\"url\":\"https:\/\/secure.gravatar.com\/avatar\/5a549151b302749e3d15f139a22300a6?s=96&d=mm&r=g\",\"caption\":\"admin\"},\"sameAs\":[\"https:\/\/carballodesantamargarida.org\/robusrobur\"]}]}<\/script>\n<!-- \/ Yoast SEO plugin. -->","_links":{"self":[{"href":"https:\/\/carballodesantamargarida.org\/robusrobur\/index.php\/wp-json\/wp\/v2\/posts\/4304"}],"collection":[{"href":"https:\/\/carballodesantamargarida.org\/robusrobur\/index.php\/wp-json\/wp\/v2\/posts"}],"about":[{"href":"https:\/\/carballodesantamargarida.org\/robusrobur\/index.php\/wp-json\/wp\/v2\/types\/post"}],"author":[{"embeddable":true,"href":"https:\/\/carballodesantamargarida.org\/robusrobur\/index.php\/wp-json\/wp\/v2\/users\/1"}],"replies":[{"embeddable":true,"href":"https:\/\/carballodesantamargarida.org\/robusrobur\/index.php\/wp-json\/wp\/v2\/comments?post=4304"}],"version-history":[{"count":1,"href":"https:\/\/carballodesantamargarida.org\/robusrobur\/index.php\/wp-json\/wp\/v2\/posts\/4304\/revisions"}],"predecessor-version":[{"id":4306,"href":"https:\/\/carballodesantamargarida.org\/robusrobur\/index.php\/wp-json\/wp\/v2\/posts\/4304\/revisions\/4306"}],"wp:featuredmedia":[{"embeddable":true,"href":"https:\/\/carballodesantamargarida.org\/robusrobur\/index.php\/wp-json\/wp\/v2\/media\/4305"}],"wp:attachment":[{"href":"https:\/\/carballodesantamargarida.org\/robusrobur\/index.php\/wp-json\/wp\/v2\/media?parent=4304"}],"wp:term":[{"taxonomy":"category","embeddable":true,"href":"https:\/\/carballodesantamargarida.org\/robusrobur\/index.php\/wp-json\/wp\/v2\/categories?post=4304"},{"taxonomy":"post_tag","embeddable":true,"href":"https:\/\/carballodesantamargarida.org\/robusrobur\/index.php\/wp-json\/wp\/v2\/tags?post=4304"}],"curies":[{"name":"wp","href":"https:\/\/api.w.org\/{rel}","templated":true}]}}