{"id":4262,"date":"2022-09-11T11:31:52","date_gmt":"2022-09-11T11:31:52","guid":{"rendered":"https:\/\/carballodesantamargarida.org\/robusrobur\/?p=4262"},"modified":"2022-09-11T11:31:55","modified_gmt":"2022-09-11T11:31:55","slug":"donde-el-gran-carballo-padre","status":"publish","type":"post","link":"https:\/\/carballodesantamargarida.org\/robusrobur\/index.php\/2022\/09\/11\/donde-el-gran-carballo-padre\/","title":{"rendered":"Donde el gran &#8220;carballo padre&#8221;"},"content":{"rendered":"\n<p>Hace semanas que sucedi\u00f3 esto que ahora cuento, pero no encontraba el momento para hablar de este suceso.<\/p>\n\n\n\n<p>Y es que hasta el Pa\u00eds Vasco han llegado cinco de mis v\u00e1stagos. No he tenido el placer de conocer ese lugar, pues un mastodonte como yo, apenas tiene movilidad. Pero dicen los p\u00e1jaros que en mis ramas albergo, que no dista muchas leguas de aqu\u00ed y que es una zona en la que merece la pena estar. Hablan de que, por la cercan\u00eda, comparte con esta tierra m\u00eda, el exuberante verde y la inmensidad del mar. Dicen que descargan all\u00ed las nubes su ansiado lloro natural y que, a veces, cubre la niebla sus praderas y colinas, con un manto blanco tan intenso y h\u00famedo, como el que se cuela por este mi hogar.<\/p>\n\n\n\n<p>Hablan de que ese para\u00edso natural no ha pasado inadvertido para mis verdes hermanos, que con la fuerza de los quercus se han agrupado, en hermosos bosques y robledales. Del llamado \u201c\u00c1rbol padre\u201d, que de estar vivo todav\u00eda, tendr\u00eda la edad de este anciano, escucharon mis hojas mil an\u00e9cdotas a lo largo de su larga historia. Asumi\u00f3 grandes responsabilidades de juras de cargos, fueros y libertades, y tan abrumador fue el rol que tuvo de vivo que, a su muerte, heredaron sus descendientes, el ilustre honor de sustituirle en sus deberes. La leyenda de esta saga se convirti\u00f3 en algo tan grande, que contin\u00faa a\u00fan ahora, siendo el joven roble de Guernica un s\u00edmbolo viviente, del legado que su ilustre pariente, hab\u00eda iniciado hace setecientos a\u00f1os.<\/p>\n\n\n\n<p>Mis descendientes gozan de buena salvia y no dejan tambi\u00e9n de ser hijos de un roble legendario, por eso se alegra enormemente \u00e9ste, que en un lugar donde se admira tanto a los \u00e1rboles, se hayan afincado. Probablemente eso habr\u00e1 pensado \u201cRelanzo\u201d, que al ver un carballo en el escudo de Ermua pintado, decidi\u00f3 no seguir buscando, y en el Colegio San Pelayo se ha quedado. A \u201cGicara\u201d, a la que le atrae mucho el agua, le gustaron m\u00e1s los acantilados de Zumaia, y encontr\u00f3 en la Zumaiena un espacio especial para dar rienda suelta a su alma. A \u201cSurlesto\u201d, que es un punto cardinal, le gust\u00f3 especialmente el Colegio Nuestra Se\u00f1ora del Carmen de Bilbao, pero viendo que su patio, de cemento estaba cubierto, prefiri\u00f3 mudarse a Cantabria, d\u00f3nde me han dicho que le espera un reto. La que s\u00ed que escogi\u00f3 la ilustre ciudad de hierro, fue mi peque\u00f1a \u201cCarqueixa\u201d que, cautivada por su r\u00eda, decidi\u00f3 quedarse en una Ikastola, que de nombre Artxandape ten\u00eda. \u201cLegoi\u00f1a\u201d, la m\u00e1s intr\u00e9pida, recorri\u00f3 todas esas zonas hasta que, atra\u00edda por el calor de las gentes de Loiu, aposent\u00f3 sus tiernos brotes, en la Lauro Ikastola.<\/p>\n\n\n\n<p>Si no fuera porque me han llegado hojas enteras con las andanzas de mis reto\u00f1os, estar\u00eda ahora consumiendo mis ra\u00edces y brotes de intranquila preocupaci\u00f3n de padre. Sin embargo, s\u00f3lo recibo noticias felices y por ello agradezco a esas gentes y escuelas, que los hayan acogido con el afecto que aqu\u00ed habr\u00edan tenido. Y desde esta colina, en la que vivo, les env\u00edo un enorme abrazo de verde cari\u00f1o, a todos aquellos que ayudan a mi viajera descendencia a forjar su destino.<\/p>\n\n\n\n<p>Robustus Robur<\/p>\n","protected":false},"excerpt":{"rendered":"<p>En este relato narra la historia de cinco de sus hijos, que han ido a para a 5 Escuelas UNESCO en el Pa\u00eds Vasco.<\/p>\n","protected":false},"author":1,"featured_media":4263,"comment_status":"open","ping_status":"open","sticky":false,"template":"","format":"standard","meta":[],"categories":[9],"tags":[29,24,34,32,18,16,17,27,15,19],"jetpack_featured_media_url":"https:\/\/carballodesantamargarida.org\/robusrobur\/wp-content\/uploads\/2022\/09\/Donde-el-gran-arbol-padre-5-hermanos.png","yoast_head":"<!-- This site is optimized with the Yoast SEO plugin v15.3 - https:\/\/yoast.com\/wordpress\/plugins\/seo\/ -->\n<title>Donde el gran &quot;carballo padre&quot; - Roble de Santa Margarita - Carballo de Santa Margarida<\/title>\n<meta name=\"robots\" content=\"index, follow, max-snippet:-1, max-image-preview:large, max-video-preview:-1\" \/>\n<link rel=\"canonical\" href=\"https:\/\/carballodesantamargarida.org\/robusrobur\/index.php\/2022\/09\/11\/donde-el-gran-carballo-padre\/\" \/>\n<meta property=\"og:locale\" content=\"es_ES\" \/>\n<meta property=\"og:type\" content=\"article\" \/>\n<meta property=\"og:title\" content=\"Donde el gran &quot;carballo padre&quot; - Roble de Santa Margarita - Carballo de Santa Margarida\" \/>\n<meta property=\"og:description\" content=\"En este relato narra la historia de cinco de sus hijos, que han ido a para a 5 Escuelas UNESCO en el Pa\u00eds Vasco.\" \/>\n<meta property=\"og:url\" content=\"https:\/\/carballodesantamargarida.org\/robusrobur\/index.php\/2022\/09\/11\/donde-el-gran-carballo-padre\/\" \/>\n<meta property=\"og:site_name\" content=\"Roble de Santa Margarita - Carballo de Santa Margarida\" \/>\n<meta property=\"article:publisher\" content=\"https:\/\/www.facebook.com\/ACRobusRobur\" \/>\n<meta property=\"article:published_time\" content=\"2022-09-11T11:31:52+00:00\" \/>\n<meta property=\"article:modified_time\" content=\"2022-09-11T11:31:55+00:00\" \/>\n<meta property=\"og:image\" content=\"https:\/\/carballodesantamargarida.org\/robusrobur\/wp-content\/uploads\/2022\/09\/Donde-el-gran-arbol-padre-5-hermanos.png\" \/>\n\t<meta property=\"og:image:width\" content=\"1311\" \/>\n\t<meta property=\"og:image:height\" content=\"836\" \/>\n<meta name=\"twitter:card\" content=\"summary_large_image\" \/>\n<meta name=\"twitter:label1\" content=\"Escrito por\">\n\t<meta name=\"twitter:data1\" content=\"admin\">\n\t<meta name=\"twitter:label2\" content=\"Tiempo de lectura\">\n\t<meta name=\"twitter:data2\" content=\"2 minutos\">\n<script type=\"application\/ld+json\" class=\"yoast-schema-graph\">{\"@context\":\"https:\/\/schema.org\",\"@graph\":[{\"@type\":\"Organization\",\"@id\":\"https:\/\/carballodesantamargarida.org\/robusrobur\/#organization\",\"name\":\"Asociaci\\u00f3n Cultural Robus Robur\",\"url\":\"https:\/\/carballodesantamargarida.org\/robusrobur\/\",\"sameAs\":[\"https:\/\/www.facebook.com\/ACRobusRobur\",\"https:\/\/www.instagram.com\/robusrobur\/\",\"https:\/\/es.wikipedia.org\/wiki\/Archivo:Roble_de_Santa_Margarita.jpg\"],\"logo\":{\"@type\":\"ImageObject\",\"@id\":\"https:\/\/carballodesantamargarida.org\/robusrobur\/#logo\",\"inLanguage\":\"es\",\"url\":\"https:\/\/carballodesantamargarida.org\/robusrobur\/wp-content\/uploads\/2020\/12\/cropped-20201221_Logo-tronco-marron-con-nombre-2.jpg\",\"width\":160,\"height\":128,\"caption\":\"Asociaci\\u00f3n Cultural Robus Robur\"},\"image\":{\"@id\":\"https:\/\/carballodesantamargarida.org\/robusrobur\/#logo\"}},{\"@type\":\"WebSite\",\"@id\":\"https:\/\/carballodesantamargarida.org\/robusrobur\/#website\",\"url\":\"https:\/\/carballodesantamargarida.org\/robusrobur\/\",\"name\":\"Roble de Santa Margarita - Carballo de Santa Margarida\",\"description\":\"Patrimonio Natural y Cultural del Carballo de Santa Margarita (Robus Robur). Naturaleza, Biolog\\u00eda, zoolog\\u00eda, estaciones del a\\u00f1o, poes\\u00eda, fotograf\\u00edas, artes pl\\u00e1sticas, recuerdos familiares, historia y simbolismo el este roble. P\\u00e1gina gamificada, incluye juego del Bellota-game y reto del Bellota-game Agallas.\",\"publisher\":{\"@id\":\"https:\/\/carballodesantamargarida.org\/robusrobur\/#organization\"},\"potentialAction\":[{\"@type\":\"SearchAction\",\"target\":\"https:\/\/carballodesantamargarida.org\/robusrobur\/?s={search_term_string}\",\"query-input\":\"required name=search_term_string\"}],\"inLanguage\":\"es\"},{\"@type\":\"ImageObject\",\"@id\":\"https:\/\/carballodesantamargarida.org\/robusrobur\/index.php\/2022\/09\/11\/donde-el-gran-carballo-padre\/#primaryimage\",\"inLanguage\":\"es\",\"url\":\"https:\/\/carballodesantamargarida.org\/robusrobur\/wp-content\/uploads\/2022\/09\/Donde-el-gran-arbol-padre-5-hermanos.png\",\"width\":1311,\"height\":836,\"caption\":\"Los 5 hijpos de Robustus que se han ido a vivir al Pa\\u00eds Vasco\"},{\"@type\":[\"WebPage\",\"ItemPage\"],\"@id\":\"https:\/\/carballodesantamargarida.org\/robusrobur\/index.php\/2022\/09\/11\/donde-el-gran-carballo-padre\/#webpage\",\"url\":\"https:\/\/carballodesantamargarida.org\/robusrobur\/index.php\/2022\/09\/11\/donde-el-gran-carballo-padre\/\",\"name\":\"Donde el gran \\\"carballo padre\\\" - Roble de Santa Margarita - Carballo de Santa Margarida\",\"isPartOf\":{\"@id\":\"https:\/\/carballodesantamargarida.org\/robusrobur\/#website\"},\"primaryImageOfPage\":{\"@id\":\"https:\/\/carballodesantamargarida.org\/robusrobur\/index.php\/2022\/09\/11\/donde-el-gran-carballo-padre\/#primaryimage\"},\"datePublished\":\"2022-09-11T11:31:52+00:00\",\"dateModified\":\"2022-09-11T11:31:55+00:00\",\"inLanguage\":\"es\",\"potentialAction\":[{\"@type\":\"ReadAction\",\"target\":[\"https:\/\/carballodesantamargarida.org\/robusrobur\/index.php\/2022\/09\/11\/donde-el-gran-carballo-padre\/\"]}]},{\"@type\":\"Article\",\"@id\":\"https:\/\/carballodesantamargarida.org\/robusrobur\/index.php\/2022\/09\/11\/donde-el-gran-carballo-padre\/#article\",\"isPartOf\":{\"@id\":\"https:\/\/carballodesantamargarida.org\/robusrobur\/index.php\/2022\/09\/11\/donde-el-gran-carballo-padre\/#webpage\"},\"author\":{\"@id\":\"https:\/\/carballodesantamargarida.org\/robusrobur\/#\/schema\/person\/446e16ae3e225c4fcb4c5e4f57370987\"},\"headline\":\"Donde el gran &#8220;carballo padre&#8221;\",\"datePublished\":\"2022-09-11T11:31:52+00:00\",\"dateModified\":\"2022-09-11T11:31:55+00:00\",\"mainEntityOfPage\":{\"@id\":\"https:\/\/carballodesantamargarida.org\/robusrobur\/index.php\/2022\/09\/11\/donde-el-gran-carballo-padre\/#webpage\"},\"commentCount\":0,\"publisher\":{\"@id\":\"https:\/\/carballodesantamargarida.org\/robusrobur\/#organization\"},\"image\":{\"@id\":\"https:\/\/carballodesantamargarida.org\/robusrobur\/index.php\/2022\/09\/11\/donde-el-gran-carballo-padre\/#primaryimage\"},\"keywords\":\"\\u00c1rboles,Historias entra\\u00f1ables,Institutos,J\\u00f3venes,Patrimonio cultural,Patrimonio inmaterial,Patrimonio natural,Pontevedra,Roble,Santa Margarita\",\"articleSection\":\"Robustus Robur\",\"inLanguage\":\"es\",\"potentialAction\":[{\"@type\":\"CommentAction\",\"name\":\"Comment\",\"target\":[\"https:\/\/carballodesantamargarida.org\/robusrobur\/index.php\/2022\/09\/11\/donde-el-gran-carballo-padre\/#respond\"]}]},{\"@type\":\"Person\",\"@id\":\"https:\/\/carballodesantamargarida.org\/robusrobur\/#\/schema\/person\/446e16ae3e225c4fcb4c5e4f57370987\",\"name\":\"admin\",\"image\":{\"@type\":\"ImageObject\",\"@id\":\"https:\/\/carballodesantamargarida.org\/robusrobur\/#personlogo\",\"inLanguage\":\"es\",\"url\":\"https:\/\/secure.gravatar.com\/avatar\/5a549151b302749e3d15f139a22300a6?s=96&d=mm&r=g\",\"caption\":\"admin\"},\"sameAs\":[\"https:\/\/carballodesantamargarida.org\/robusrobur\"]}]}<\/script>\n<!-- \/ Yoast SEO plugin. -->","_links":{"self":[{"href":"https:\/\/carballodesantamargarida.org\/robusrobur\/index.php\/wp-json\/wp\/v2\/posts\/4262"}],"collection":[{"href":"https:\/\/carballodesantamargarida.org\/robusrobur\/index.php\/wp-json\/wp\/v2\/posts"}],"about":[{"href":"https:\/\/carballodesantamargarida.org\/robusrobur\/index.php\/wp-json\/wp\/v2\/types\/post"}],"author":[{"embeddable":true,"href":"https:\/\/carballodesantamargarida.org\/robusrobur\/index.php\/wp-json\/wp\/v2\/users\/1"}],"replies":[{"embeddable":true,"href":"https:\/\/carballodesantamargarida.org\/robusrobur\/index.php\/wp-json\/wp\/v2\/comments?post=4262"}],"version-history":[{"count":1,"href":"https:\/\/carballodesantamargarida.org\/robusrobur\/index.php\/wp-json\/wp\/v2\/posts\/4262\/revisions"}],"predecessor-version":[{"id":4264,"href":"https:\/\/carballodesantamargarida.org\/robusrobur\/index.php\/wp-json\/wp\/v2\/posts\/4262\/revisions\/4264"}],"wp:featuredmedia":[{"embeddable":true,"href":"https:\/\/carballodesantamargarida.org\/robusrobur\/index.php\/wp-json\/wp\/v2\/media\/4263"}],"wp:attachment":[{"href":"https:\/\/carballodesantamargarida.org\/robusrobur\/index.php\/wp-json\/wp\/v2\/media?parent=4262"}],"wp:term":[{"taxonomy":"category","embeddable":true,"href":"https:\/\/carballodesantamargarida.org\/robusrobur\/index.php\/wp-json\/wp\/v2\/categories?post=4262"},{"taxonomy":"post_tag","embeddable":true,"href":"https:\/\/carballodesantamargarida.org\/robusrobur\/index.php\/wp-json\/wp\/v2\/tags?post=4262"}],"curies":[{"name":"wp","href":"https:\/\/api.w.org\/{rel}","templated":true}]}}