{"id":4197,"date":"2022-05-22T20:02:13","date_gmt":"2022-05-22T20:02:13","guid":{"rendered":"https:\/\/carballodesantamargarida.org\/robusrobur\/?p=4197"},"modified":"2022-05-22T20:12:27","modified_gmt":"2022-05-22T20:12:27","slug":"mi-hija-alcoyana-de-adopcion","status":"publish","type":"post","link":"https:\/\/carballodesantamargarida.org\/robusrobur\/index.php\/2022\/05\/22\/mi-hija-alcoyana-de-adopcion\/","title":{"rendered":"Mi hija alcoyana de adopci\u00f3n"},"content":{"rendered":"\n<p>Esta semana, Piedade, una de mis hijas m\u00e1s peque\u00f1as, dej\u00f3 este barrio nuestro para viajar, como hoja que lleva el viento, a muchas leguas de este tronco viejo.<\/p>\n\n\n\n<p>Mi peque\u00f1a fue subida a un carruaje, de cuatro negras ruedas, y una velocidad m\u00e1s grande, que la de un jabal\u00ed muerto de hambre. De un amanecer a otro, recorri\u00f3 la pen\u00ednsula, y del h\u00famedo noroste, lleg\u00f3 a su nuevo hogar, en el c\u00e1lido sureste.<\/p>\n\n\n\n<p>Su viaje a tierras valencianas record\u00f3 a este anciano, el realizado por un caballero, que cuando era yo joven roble, sus haza\u00f1anas inundaban aldeas y casas nobles. En boca de ardillas, que en aquellos tiempos, recorr\u00edan Castilla, saltando de rama en rama, llegaban las aza\u00f1as que los juglares repet\u00edan hasta decir basta.<\/p>\n\n\n\n<p>Disfrutaba este roble con las andanzas del caballero al que &#8220;campeador&#8221;, &#8220;batallador&#8221; y &#8220;Cid&#8221; llamaban. Dec\u00edan los cantares, que al lado de mi esbelto tronco se escuchaban, que a un corcel de nombre bavieca montaba, y que en bravura y valent\u00eda nadie le ganaba.<\/p>\n\n\n\n<p>Su leyenda se transmit\u00eda entre los humanos gracias a cientos de carballos, que aportaban la tinta de sus agallas, para que quedara en la memoria, las de aquel, que Valencia hab\u00eda recuperado. <\/p>\n\n\n\n<p>Este abuelo que, tantas historias guarda, recuerda tambi\u00e9n aquella lana, que tanta fama a Alcoi le daba. Era ese aqu\u00ed un bien muy preciado, pues lo que abundaba en estas tierras, eran las sardinas y la madera de mis antepasados. Con textiles y pa\u00f1os, ve\u00eda llegar embarcaciones al puerto de Pontevedra, que cuando mi tronco era recta y joven sa\u00e9ta, ten\u00eda un trasiego tan grande, como el de las hormigas que tantas cosquillas me hacen.<\/p>\n\n\n\n<p>Entre barrancos, terrenos agr\u00edcolas y frutales, vivir\u00e1 ahora Piedade y si tiene suerte su padre, recibir\u00e1 pronto noticias de las aves. Y con el cari\u00f1o y los cuidados de estudiantes y docentes,  crecer\u00e1 fuerte, y esparcir\u00e1 la estirpe de este que habla, por la costa valenciana y la ciudad de los puentes.<\/p>\n\n\n\n<p>Mucho le gustar\u00eda a este anciano, que dentro de 500 a\u00f1os, dijeran de Piedade: &#8220;Es la hija de aquel roble gallego, cuya leyenda dec\u00eda, que al menos 1000 a\u00f1os ten\u00eda&#8221;.<\/p>\n\n\n\n<p>Despido este relato, enviando un frondoso abrazo de \u00e1rbol, al IES Pare Vitoria (de Alcoy), en el que Piedade estar\u00e1 en muy buenas manos de humanos.<\/p>\n\n\n\n<p>Robustus Robur<\/p>\n\n\n\n<p><\/p>\n","protected":false},"excerpt":{"rendered":"<p>Robustus dedica este relato a la reciente adopci\u00f3n de Piedade, una de sus hijas, que ahora vive en Alcoi (Valencia)<\/p>\n","protected":false},"author":1,"featured_media":4198,"comment_status":"open","ping_status":"open","sticky":false,"template":"","format":"standard","meta":[],"categories":[9],"tags":[29,18,16,17,15,19],"jetpack_featured_media_url":"https:\/\/carballodesantamargarida.org\/robusrobur\/wp-content\/uploads\/2022\/05\/Piedade-en-Valencia.png","yoast_head":"<!-- This site is optimized with the Yoast SEO plugin v15.3 - https:\/\/yoast.com\/wordpress\/plugins\/seo\/ -->\n<title>Mi hija alcoyana de adopci\u00f3n - Roble de Santa Margarita - Carballo de Santa Margarida<\/title>\n<meta name=\"robots\" content=\"index, follow, max-snippet:-1, max-image-preview:large, max-video-preview:-1\" \/>\n<link rel=\"canonical\" href=\"https:\/\/carballodesantamargarida.org\/robusrobur\/index.php\/2022\/05\/22\/mi-hija-alcoyana-de-adopcion\/\" \/>\n<meta property=\"og:locale\" content=\"es_ES\" \/>\n<meta property=\"og:type\" content=\"article\" \/>\n<meta property=\"og:title\" content=\"Mi hija alcoyana de adopci\u00f3n - Roble de Santa Margarita - Carballo de Santa Margarida\" \/>\n<meta property=\"og:description\" content=\"Robustus dedica este relato a la reciente adopci\u00f3n de Piedade, una de sus hijas, que ahora vive en Alcoi (Valencia)\" \/>\n<meta property=\"og:url\" content=\"https:\/\/carballodesantamargarida.org\/robusrobur\/index.php\/2022\/05\/22\/mi-hija-alcoyana-de-adopcion\/\" \/>\n<meta property=\"og:site_name\" content=\"Roble de Santa Margarita - Carballo de Santa Margarida\" \/>\n<meta property=\"article:publisher\" content=\"https:\/\/www.facebook.com\/ACRobusRobur\" \/>\n<meta property=\"article:published_time\" content=\"2022-05-22T20:02:13+00:00\" \/>\n<meta property=\"article:modified_time\" content=\"2022-05-22T20:12:27+00:00\" \/>\n<meta property=\"og:image\" content=\"https:\/\/carballodesantamargarida.org\/robusrobur\/wp-content\/uploads\/2022\/05\/Piedade-en-Valencia.png\" \/>\n\t<meta property=\"og:image:width\" content=\"1536\" \/>\n\t<meta property=\"og:image:height\" content=\"2048\" \/>\n<meta name=\"twitter:card\" content=\"summary_large_image\" \/>\n<meta name=\"twitter:label1\" content=\"Escrito por\">\n\t<meta name=\"twitter:data1\" content=\"admin\">\n\t<meta name=\"twitter:label2\" content=\"Tiempo de lectura\">\n\t<meta name=\"twitter:data2\" content=\"2 minutos\">\n<script type=\"application\/ld+json\" class=\"yoast-schema-graph\">{\"@context\":\"https:\/\/schema.org\",\"@graph\":[{\"@type\":\"Organization\",\"@id\":\"https:\/\/carballodesantamargarida.org\/robusrobur\/#organization\",\"name\":\"Asociaci\\u00f3n Cultural Robus Robur\",\"url\":\"https:\/\/carballodesantamargarida.org\/robusrobur\/\",\"sameAs\":[\"https:\/\/www.facebook.com\/ACRobusRobur\",\"https:\/\/www.instagram.com\/robusrobur\/\",\"https:\/\/es.wikipedia.org\/wiki\/Archivo:Roble_de_Santa_Margarita.jpg\"],\"logo\":{\"@type\":\"ImageObject\",\"@id\":\"https:\/\/carballodesantamargarida.org\/robusrobur\/#logo\",\"inLanguage\":\"es\",\"url\":\"https:\/\/carballodesantamargarida.org\/robusrobur\/wp-content\/uploads\/2020\/12\/cropped-20201221_Logo-tronco-marron-con-nombre-2.jpg\",\"width\":160,\"height\":128,\"caption\":\"Asociaci\\u00f3n Cultural Robus Robur\"},\"image\":{\"@id\":\"https:\/\/carballodesantamargarida.org\/robusrobur\/#logo\"}},{\"@type\":\"WebSite\",\"@id\":\"https:\/\/carballodesantamargarida.org\/robusrobur\/#website\",\"url\":\"https:\/\/carballodesantamargarida.org\/robusrobur\/\",\"name\":\"Roble de Santa Margarita - Carballo de Santa Margarida\",\"description\":\"Patrimonio Natural y Cultural del Carballo de Santa Margarita (Robus Robur). Naturaleza, Biolog\\u00eda, zoolog\\u00eda, estaciones del a\\u00f1o, poes\\u00eda, fotograf\\u00edas, artes pl\\u00e1sticas, recuerdos familiares, historia y simbolismo el este roble. P\\u00e1gina gamificada, incluye juego del Bellota-game y reto del Bellota-game Agallas.\",\"publisher\":{\"@id\":\"https:\/\/carballodesantamargarida.org\/robusrobur\/#organization\"},\"potentialAction\":[{\"@type\":\"SearchAction\",\"target\":\"https:\/\/carballodesantamargarida.org\/robusrobur\/?s={search_term_string}\",\"query-input\":\"required name=search_term_string\"}],\"inLanguage\":\"es\"},{\"@type\":\"ImageObject\",\"@id\":\"https:\/\/carballodesantamargarida.org\/robusrobur\/index.php\/2022\/05\/22\/mi-hija-alcoyana-de-adopcion\/#primaryimage\",\"inLanguage\":\"es\",\"url\":\"https:\/\/carballodesantamargarida.org\/robusrobur\/wp-content\/uploads\/2022\/05\/Piedade-en-Valencia.png\",\"width\":1536,\"height\":2048},{\"@type\":[\"WebPage\",\"ItemPage\"],\"@id\":\"https:\/\/carballodesantamargarida.org\/robusrobur\/index.php\/2022\/05\/22\/mi-hija-alcoyana-de-adopcion\/#webpage\",\"url\":\"https:\/\/carballodesantamargarida.org\/robusrobur\/index.php\/2022\/05\/22\/mi-hija-alcoyana-de-adopcion\/\",\"name\":\"Mi hija alcoyana de adopci\\u00f3n - Roble de Santa Margarita - Carballo de Santa Margarida\",\"isPartOf\":{\"@id\":\"https:\/\/carballodesantamargarida.org\/robusrobur\/#website\"},\"primaryImageOfPage\":{\"@id\":\"https:\/\/carballodesantamargarida.org\/robusrobur\/index.php\/2022\/05\/22\/mi-hija-alcoyana-de-adopcion\/#primaryimage\"},\"datePublished\":\"2022-05-22T20:02:13+00:00\",\"dateModified\":\"2022-05-22T20:12:27+00:00\",\"inLanguage\":\"es\",\"potentialAction\":[{\"@type\":\"ReadAction\",\"target\":[\"https:\/\/carballodesantamargarida.org\/robusrobur\/index.php\/2022\/05\/22\/mi-hija-alcoyana-de-adopcion\/\"]}]},{\"@type\":\"Article\",\"@id\":\"https:\/\/carballodesantamargarida.org\/robusrobur\/index.php\/2022\/05\/22\/mi-hija-alcoyana-de-adopcion\/#article\",\"isPartOf\":{\"@id\":\"https:\/\/carballodesantamargarida.org\/robusrobur\/index.php\/2022\/05\/22\/mi-hija-alcoyana-de-adopcion\/#webpage\"},\"author\":{\"@id\":\"https:\/\/carballodesantamargarida.org\/robusrobur\/#\/schema\/person\/446e16ae3e225c4fcb4c5e4f57370987\"},\"headline\":\"Mi hija alcoyana de adopci\\u00f3n\",\"datePublished\":\"2022-05-22T20:02:13+00:00\",\"dateModified\":\"2022-05-22T20:12:27+00:00\",\"mainEntityOfPage\":{\"@id\":\"https:\/\/carballodesantamargarida.org\/robusrobur\/index.php\/2022\/05\/22\/mi-hija-alcoyana-de-adopcion\/#webpage\"},\"commentCount\":6,\"publisher\":{\"@id\":\"https:\/\/carballodesantamargarida.org\/robusrobur\/#organization\"},\"image\":{\"@id\":\"https:\/\/carballodesantamargarida.org\/robusrobur\/index.php\/2022\/05\/22\/mi-hija-alcoyana-de-adopcion\/#primaryimage\"},\"keywords\":\"\\u00c1rboles,Patrimonio cultural,Patrimonio inmaterial,Patrimonio natural,Roble,Santa Margarita\",\"articleSection\":\"Robustus Robur\",\"inLanguage\":\"es\",\"potentialAction\":[{\"@type\":\"CommentAction\",\"name\":\"Comment\",\"target\":[\"https:\/\/carballodesantamargarida.org\/robusrobur\/index.php\/2022\/05\/22\/mi-hija-alcoyana-de-adopcion\/#respond\"]}]},{\"@type\":\"Person\",\"@id\":\"https:\/\/carballodesantamargarida.org\/robusrobur\/#\/schema\/person\/446e16ae3e225c4fcb4c5e4f57370987\",\"name\":\"admin\",\"image\":{\"@type\":\"ImageObject\",\"@id\":\"https:\/\/carballodesantamargarida.org\/robusrobur\/#personlogo\",\"inLanguage\":\"es\",\"url\":\"https:\/\/secure.gravatar.com\/avatar\/5a549151b302749e3d15f139a22300a6?s=96&d=mm&r=g\",\"caption\":\"admin\"},\"sameAs\":[\"https:\/\/carballodesantamargarida.org\/robusrobur\"]}]}<\/script>\n<!-- \/ Yoast SEO plugin. -->","_links":{"self":[{"href":"https:\/\/carballodesantamargarida.org\/robusrobur\/index.php\/wp-json\/wp\/v2\/posts\/4197"}],"collection":[{"href":"https:\/\/carballodesantamargarida.org\/robusrobur\/index.php\/wp-json\/wp\/v2\/posts"}],"about":[{"href":"https:\/\/carballodesantamargarida.org\/robusrobur\/index.php\/wp-json\/wp\/v2\/types\/post"}],"author":[{"embeddable":true,"href":"https:\/\/carballodesantamargarida.org\/robusrobur\/index.php\/wp-json\/wp\/v2\/users\/1"}],"replies":[{"embeddable":true,"href":"https:\/\/carballodesantamargarida.org\/robusrobur\/index.php\/wp-json\/wp\/v2\/comments?post=4197"}],"version-history":[{"count":3,"href":"https:\/\/carballodesantamargarida.org\/robusrobur\/index.php\/wp-json\/wp\/v2\/posts\/4197\/revisions"}],"predecessor-version":[{"id":4203,"href":"https:\/\/carballodesantamargarida.org\/robusrobur\/index.php\/wp-json\/wp\/v2\/posts\/4197\/revisions\/4203"}],"wp:featuredmedia":[{"embeddable":true,"href":"https:\/\/carballodesantamargarida.org\/robusrobur\/index.php\/wp-json\/wp\/v2\/media\/4198"}],"wp:attachment":[{"href":"https:\/\/carballodesantamargarida.org\/robusrobur\/index.php\/wp-json\/wp\/v2\/media?parent=4197"}],"wp:term":[{"taxonomy":"category","embeddable":true,"href":"https:\/\/carballodesantamargarida.org\/robusrobur\/index.php\/wp-json\/wp\/v2\/categories?post=4197"},{"taxonomy":"post_tag","embeddable":true,"href":"https:\/\/carballodesantamargarida.org\/robusrobur\/index.php\/wp-json\/wp\/v2\/tags?post=4197"}],"curies":[{"name":"wp","href":"https:\/\/api.w.org\/{rel}","templated":true}]}}