{"id":4060,"date":"2022-03-20T08:21:50","date_gmt":"2022-03-20T08:21:50","guid":{"rendered":"https:\/\/carballodesantamargarida.org\/robusrobur\/?p=4060"},"modified":"2022-03-20T08:32:34","modified_gmt":"2022-03-20T08:32:34","slug":"el-huerto-de-la-esperanza","status":"publish","type":"post","link":"https:\/\/carballodesantamargarida.org\/robusrobur\/index.php\/2022\/03\/20\/el-huerto-de-la-esperanza\/","title":{"rendered":"El huerto de la esperanza"},"content":{"rendered":"\n<p>Aunque soy viejo y decr\u00e9pito anciano, tengo el poder innato, de dar vida a pesar de los a\u00f1os. La edad no detiene a los \u00e1rboles y a\u00fan, estando viejos y cansados, tenemos la facultad de tener hijos cada verano.<\/p>\n\n\n\n<p>Si pudiera ir hacia atr\u00e1s, y contar todos los que forman parte de mi reba\u00f1o, no cabr\u00edan en los dedos de las manos de cien humanos. Pues somos los robles tan f\u00e9rtiles, que contamos a nuestros hijos por millares.<\/p>\n\n\n\n<p>Soy padre orgulloso y de mis reto\u00f1os podr\u00eda contar mil historias que, llenar\u00edan tantas hojas, como las que brotan de mis ramas en primavera de suelos de lluvia mojados. Sin embargo, hoy dedico mis palabras, a s\u00f3lo uno de mis v\u00e1stagos.<\/p>\n\n\n\n<p>\u201cResorgir\u201d, mi peque\u00f1o de dos a\u00f1os, ha emprendido una nueva vida al otro lado del L\u00e9rez, con una gran familia de humanos que, aunque no tienen lazos de sangre, cuidan unos de otros, como hermanos.<\/p>\n\n\n\n<p>El joven descendiente de este roble anciano, parti\u00f3 ayer de este barrio, y aunque su partida hizo mella en el coraz\u00f3n de este vegetal agotado, sinti\u00f3 un j\u00fabilo inmenso, al saber que iba a estar tan bien acompa\u00f1ado.<\/p>\n\n\n\n<p>Se halla ahora mi hijo, en un huerto de esperanza inundado, un lugar m\u00e1gico, de esfuerzos plagado. Un terreno que, en forma de colina baja, y en d\u00f3nde la siembra se reparte en parcelas de ilusi\u00f3n colmadas. All\u00ed, en ese verde prado de tierras de Alba, crecer\u00e1 el hijo del roble que habla.<\/p>\n\n\n\n<p>Y si el destino quiere, proveer\u00e1 de una bella sombra de Quercus, al huerto en el que se halla, generando nuevos frutos cada a\u00f1o que, servir\u00e1n de alimento a animales y nuevas oportunidades, a las buenas gentes a qui\u00e9n el destino tan sabiamente ha ligado. Ser\u00e1 el noble guardi\u00e1n de un huerto de humanos que, con sus manos, buscan una buena vida, dignificada con la fuerza del trabajo. Tendr\u00e1 la fortuna de ver crecer las esperanzas que, muchos, en ellos han depositado. Y ser testigo de cientos de historias que, aunque a veces le har\u00e1n derramar de tristeza sus hojas, fortalecer\u00e1n su naturaleza de roble, y cuando lo malo en bueno se transforme, lucir\u00e1 orgulloso el mejor de sus portes.<\/p>\n\n\n\n<p>Entre patatas, repollos y ajos crecer\u00e1 mi hijo, y de esa tierra oscura que, por canales de agua de lluvia, ser\u00e1 pronto f\u00e9rtil llanura, ver\u00e1 brotar la vida. Y resurgir\u00e1 un futuro, que iluminar\u00e1 con luz intensa, un pasado de oscuras tinieblas.<\/p>\n\n\n\n<p>Y no dilato m\u00e1s este relato que, ya se sabe, que cuando un padre de un hijo habla, podr\u00eda rellenar tantas hojas, como las que cuelgan de mis ramas. Envi\u00f3 pues un frondoso abrazo de orgulloso padre, a las buenas gentes de Boa Vida, y a las de la parroquia de Alba.<\/p>\n\n\n\n<p>Robustus Robur<\/p>\n","protected":false},"excerpt":{"rendered":"<p>Robus Robur dedica este relato a Resorgir, uno de sus hijos de 2 a\u00f1os, que ha sido adoptado por la Asociaci\u00f3n Boa Vida y plantado en su huerto de Alba.<\/p>\n","protected":false},"author":1,"featured_media":4061,"comment_status":"open","ping_status":"open","sticky":false,"template":"","format":"standard","meta":[],"categories":[9],"tags":[29,20,24,28,18,17,27,15,19],"jetpack_featured_media_url":"https:\/\/carballodesantamargarida.org\/robusrobur\/wp-content\/uploads\/2022\/03\/20220319_El-huerto-de-la-esperanza.png","yoast_head":"<!-- This site is optimized with the Yoast SEO plugin v15.3 - https:\/\/yoast.com\/wordpress\/plugins\/seo\/ -->\n<title>El huerto de la esperanza - Roble de Santa Margarita - Carballo de Santa Margarida<\/title>\n<meta name=\"robots\" content=\"index, follow, max-snippet:-1, max-image-preview:large, max-video-preview:-1\" \/>\n<link rel=\"canonical\" href=\"https:\/\/carballodesantamargarida.org\/robusrobur\/index.php\/2022\/03\/20\/el-huerto-de-la-esperanza\/\" \/>\n<meta property=\"og:locale\" content=\"es_ES\" \/>\n<meta property=\"og:type\" content=\"article\" \/>\n<meta property=\"og:title\" content=\"El huerto de la esperanza - Roble de Santa Margarita - Carballo de Santa Margarida\" \/>\n<meta property=\"og:description\" content=\"Robus Robur dedica este relato a Resorgir, uno de sus hijos de 2 a\u00f1os, que ha sido adoptado por la Asociaci\u00f3n Boa Vida y plantado en su huerto de Alba.\" \/>\n<meta property=\"og:url\" content=\"https:\/\/carballodesantamargarida.org\/robusrobur\/index.php\/2022\/03\/20\/el-huerto-de-la-esperanza\/\" \/>\n<meta property=\"og:site_name\" content=\"Roble de Santa Margarita - Carballo de Santa Margarida\" \/>\n<meta property=\"article:publisher\" content=\"https:\/\/www.facebook.com\/ACRobusRobur\" \/>\n<meta property=\"article:published_time\" content=\"2022-03-20T08:21:50+00:00\" \/>\n<meta property=\"article:modified_time\" content=\"2022-03-20T08:32:34+00:00\" \/>\n<meta property=\"og:image\" content=\"https:\/\/carballodesantamargarida.org\/robusrobur\/wp-content\/uploads\/2022\/03\/20220319_El-huerto-de-la-esperanza.png\" \/>\n\t<meta property=\"og:image:width\" content=\"1600\" \/>\n\t<meta property=\"og:image:height\" content=\"1200\" \/>\n<meta name=\"twitter:card\" content=\"summary_large_image\" \/>\n<meta name=\"twitter:label1\" content=\"Escrito por\">\n\t<meta name=\"twitter:data1\" content=\"admin\">\n\t<meta name=\"twitter:label2\" content=\"Tiempo de lectura\">\n\t<meta name=\"twitter:data2\" content=\"2 minutos\">\n<script type=\"application\/ld+json\" class=\"yoast-schema-graph\">{\"@context\":\"https:\/\/schema.org\",\"@graph\":[{\"@type\":\"Organization\",\"@id\":\"https:\/\/carballodesantamargarida.org\/robusrobur\/#organization\",\"name\":\"Asociaci\\u00f3n Cultural Robus Robur\",\"url\":\"https:\/\/carballodesantamargarida.org\/robusrobur\/\",\"sameAs\":[\"https:\/\/www.facebook.com\/ACRobusRobur\",\"https:\/\/www.instagram.com\/robusrobur\/\",\"https:\/\/es.wikipedia.org\/wiki\/Archivo:Roble_de_Santa_Margarita.jpg\"],\"logo\":{\"@type\":\"ImageObject\",\"@id\":\"https:\/\/carballodesantamargarida.org\/robusrobur\/#logo\",\"inLanguage\":\"es\",\"url\":\"https:\/\/carballodesantamargarida.org\/robusrobur\/wp-content\/uploads\/2020\/12\/cropped-20201221_Logo-tronco-marron-con-nombre-2.jpg\",\"width\":160,\"height\":128,\"caption\":\"Asociaci\\u00f3n Cultural Robus Robur\"},\"image\":{\"@id\":\"https:\/\/carballodesantamargarida.org\/robusrobur\/#logo\"}},{\"@type\":\"WebSite\",\"@id\":\"https:\/\/carballodesantamargarida.org\/robusrobur\/#website\",\"url\":\"https:\/\/carballodesantamargarida.org\/robusrobur\/\",\"name\":\"Roble de Santa Margarita - Carballo de Santa Margarida\",\"description\":\"Patrimonio Natural y Cultural del Carballo de Santa Margarita (Robus Robur). Naturaleza, Biolog\\u00eda, zoolog\\u00eda, estaciones del a\\u00f1o, poes\\u00eda, fotograf\\u00edas, artes pl\\u00e1sticas, recuerdos familiares, historia y simbolismo el este roble. P\\u00e1gina gamificada, incluye juego del Bellota-game y reto del Bellota-game Agallas.\",\"publisher\":{\"@id\":\"https:\/\/carballodesantamargarida.org\/robusrobur\/#organization\"},\"potentialAction\":[{\"@type\":\"SearchAction\",\"target\":\"https:\/\/carballodesantamargarida.org\/robusrobur\/?s={search_term_string}\",\"query-input\":\"required name=search_term_string\"}],\"inLanguage\":\"es\"},{\"@type\":\"ImageObject\",\"@id\":\"https:\/\/carballodesantamargarida.org\/robusrobur\/index.php\/2022\/03\/20\/el-huerto-de-la-esperanza\/#primaryimage\",\"inLanguage\":\"es\",\"url\":\"https:\/\/carballodesantamargarida.org\/robusrobur\/wp-content\/uploads\/2022\/03\/20220319_El-huerto-de-la-esperanza.png\",\"width\":1600,\"height\":1200,\"caption\":\"Huerto de la Asociaci\\u00f3n Boa Vida en Alba\"},{\"@type\":[\"WebPage\",\"ItemPage\"],\"@id\":\"https:\/\/carballodesantamargarida.org\/robusrobur\/index.php\/2022\/03\/20\/el-huerto-de-la-esperanza\/#webpage\",\"url\":\"https:\/\/carballodesantamargarida.org\/robusrobur\/index.php\/2022\/03\/20\/el-huerto-de-la-esperanza\/\",\"name\":\"El huerto de la esperanza - Roble de Santa Margarita - Carballo de Santa Margarida\",\"isPartOf\":{\"@id\":\"https:\/\/carballodesantamargarida.org\/robusrobur\/#website\"},\"primaryImageOfPage\":{\"@id\":\"https:\/\/carballodesantamargarida.org\/robusrobur\/index.php\/2022\/03\/20\/el-huerto-de-la-esperanza\/#primaryimage\"},\"datePublished\":\"2022-03-20T08:21:50+00:00\",\"dateModified\":\"2022-03-20T08:32:34+00:00\",\"inLanguage\":\"es\",\"potentialAction\":[{\"@type\":\"ReadAction\",\"target\":[\"https:\/\/carballodesantamargarida.org\/robusrobur\/index.php\/2022\/03\/20\/el-huerto-de-la-esperanza\/\"]}]},{\"@type\":\"Article\",\"@id\":\"https:\/\/carballodesantamargarida.org\/robusrobur\/index.php\/2022\/03\/20\/el-huerto-de-la-esperanza\/#article\",\"isPartOf\":{\"@id\":\"https:\/\/carballodesantamargarida.org\/robusrobur\/index.php\/2022\/03\/20\/el-huerto-de-la-esperanza\/#webpage\"},\"author\":{\"@id\":\"https:\/\/carballodesantamargarida.org\/robusrobur\/#\/schema\/person\/446e16ae3e225c4fcb4c5e4f57370987\"},\"headline\":\"El huerto de la esperanza\",\"datePublished\":\"2022-03-20T08:21:50+00:00\",\"dateModified\":\"2022-03-20T08:32:34+00:00\",\"mainEntityOfPage\":{\"@id\":\"https:\/\/carballodesantamargarida.org\/robusrobur\/index.php\/2022\/03\/20\/el-huerto-de-la-esperanza\/#webpage\"},\"commentCount\":0,\"publisher\":{\"@id\":\"https:\/\/carballodesantamargarida.org\/robusrobur\/#organization\"},\"image\":{\"@id\":\"https:\/\/carballodesantamargarida.org\/robusrobur\/index.php\/2022\/03\/20\/el-huerto-de-la-esperanza\/#primaryimage\"},\"keywords\":\"\\u00c1rboles,Emotividad,Historias entra\\u00f1ables,Naturaleza,Patrimonio cultural,Patrimonio natural,Pontevedra,Roble,Santa Margarita\",\"articleSection\":\"Robustus Robur\",\"inLanguage\":\"es\",\"potentialAction\":[{\"@type\":\"CommentAction\",\"name\":\"Comment\",\"target\":[\"https:\/\/carballodesantamargarida.org\/robusrobur\/index.php\/2022\/03\/20\/el-huerto-de-la-esperanza\/#respond\"]}]},{\"@type\":\"Person\",\"@id\":\"https:\/\/carballodesantamargarida.org\/robusrobur\/#\/schema\/person\/446e16ae3e225c4fcb4c5e4f57370987\",\"name\":\"admin\",\"image\":{\"@type\":\"ImageObject\",\"@id\":\"https:\/\/carballodesantamargarida.org\/robusrobur\/#personlogo\",\"inLanguage\":\"es\",\"url\":\"https:\/\/secure.gravatar.com\/avatar\/5a549151b302749e3d15f139a22300a6?s=96&d=mm&r=g\",\"caption\":\"admin\"},\"sameAs\":[\"https:\/\/carballodesantamargarida.org\/robusrobur\"]}]}<\/script>\n<!-- \/ Yoast SEO plugin. -->","_links":{"self":[{"href":"https:\/\/carballodesantamargarida.org\/robusrobur\/index.php\/wp-json\/wp\/v2\/posts\/4060"}],"collection":[{"href":"https:\/\/carballodesantamargarida.org\/robusrobur\/index.php\/wp-json\/wp\/v2\/posts"}],"about":[{"href":"https:\/\/carballodesantamargarida.org\/robusrobur\/index.php\/wp-json\/wp\/v2\/types\/post"}],"author":[{"embeddable":true,"href":"https:\/\/carballodesantamargarida.org\/robusrobur\/index.php\/wp-json\/wp\/v2\/users\/1"}],"replies":[{"embeddable":true,"href":"https:\/\/carballodesantamargarida.org\/robusrobur\/index.php\/wp-json\/wp\/v2\/comments?post=4060"}],"version-history":[{"count":2,"href":"https:\/\/carballodesantamargarida.org\/robusrobur\/index.php\/wp-json\/wp\/v2\/posts\/4060\/revisions"}],"predecessor-version":[{"id":4070,"href":"https:\/\/carballodesantamargarida.org\/robusrobur\/index.php\/wp-json\/wp\/v2\/posts\/4060\/revisions\/4070"}],"wp:featuredmedia":[{"embeddable":true,"href":"https:\/\/carballodesantamargarida.org\/robusrobur\/index.php\/wp-json\/wp\/v2\/media\/4061"}],"wp:attachment":[{"href":"https:\/\/carballodesantamargarida.org\/robusrobur\/index.php\/wp-json\/wp\/v2\/media?parent=4060"}],"wp:term":[{"taxonomy":"category","embeddable":true,"href":"https:\/\/carballodesantamargarida.org\/robusrobur\/index.php\/wp-json\/wp\/v2\/categories?post=4060"},{"taxonomy":"post_tag","embeddable":true,"href":"https:\/\/carballodesantamargarida.org\/robusrobur\/index.php\/wp-json\/wp\/v2\/tags?post=4060"}],"curies":[{"name":"wp","href":"https:\/\/api.w.org\/{rel}","templated":true}]}}