{"id":3699,"date":"2021-07-25T11:25:43","date_gmt":"2021-07-25T11:25:43","guid":{"rendered":"https:\/\/carballodesantamargarida.org\/robusrobur\/?p=3699"},"modified":"2021-07-25T13:24:44","modified_gmt":"2021-07-25T13:24:44","slug":"historia-de-una-plegaria","status":"publish","type":"post","link":"https:\/\/carballodesantamargarida.org\/robusrobur\/index.php\/2021\/07\/25\/historia-de-una-plegaria\/","title":{"rendered":"Historia de una plegaria"},"content":{"rendered":"\n<p>Queda apenas una semana para celebrar nuestro d\u00eda grande, aquel de la romer\u00eda de la santa, que desde hace cientos de a\u00f1os, se celebra bajo la sombra de este que habla.<\/p>\n\n\n\n<p>Hace tres cuartos de siglo, poco antes de que la fiesta se celebrara, sucedi\u00f3 aqu\u00ed algo, que merece la pena recordar por este \u00e1rbol.<\/p>\n\n\n\n<p>Viv\u00eda aqu\u00ed en el barrio un alegre muchacho, que formaba parte con otros, de una peque\u00f1a &nbsp;charanguita, que con panderetas y porroncitos, animaba las misas de navidad y domingo. Aquellos peque\u00f1os instrumentos, que llenaban de agua, sonaban como el sonido de los pajaritos, que pueblan muchas veces mis ramas. Asist\u00eda este \u00e1rbol a aquellos conciertos como estrella invitada y disfrutaba enormemente de aquellos acordes p\u00edos, que aquellos cr\u00edos emanaban.<\/p>\n\n\n\n<p>La desgracia, que nunca a razones atiende, encontr\u00f3 al muchacho y caus\u00f3 tanto dolor y destrozo en su cuerpo, que una pierna quisieron cortarle. Estuvo \u00e9l un a\u00f1o en el hospital y tras mucho sufrimiento, consigui\u00f3 \u00e9l dejar, aquel infierno y regresar. Parec\u00eda, que todo el mal trago se hab\u00eda superado, pero pronto volvi\u00f3 a tornarse pardo lo que ya era blanco.<\/p>\n\n\n\n<p>Iban \u00e9ste y otros muchachos del barrio con el ganado hasta las praderas de Monteporreiro, donde encontraban para los animales unos buenos pastos. El de R\u00edos con cabras y el ni\u00f1o Felipe, que as\u00ed se llamaba, con su vaca. Quiso el destino que, en un suspiro, el animal que el llevaba desapareciera de su vista como por arte de magia.<\/p>\n\n\n\n<p>El pobre corr\u00eda como pod\u00eda, forzando la pierna, que tan fr\u00e1gil ten\u00eda. Ve\u00eda este \u00e1rbol la desesperaci\u00f3n del muchacho y le daban ganas de arrancar su ra\u00edz de cuajo, y hacer con sus ramas un lazo, para atrapar al animal que tanto dolor estaba causando al muchacho. La naturaleza no dio al \u00e1rbol la habilidad de correr y por eso no pudo hacer nada m\u00e1s que ver, como el joven Felipe volv\u00eda a recaer. Se le puso la pierna de colores: negra, roja y verde. Desesperado, su padre lo llev\u00f3 al m\u00e9dico, que dijo que no hab\u00eda otro remedio, que amputar la pierna del muchacho, pues ni penicilina ni otras artes curativas, conoc\u00eda el galeno.<\/p>\n\n\n\n<p>Corri\u00f3 la noticia por el vecindario, como p\u00f3lvora del arma que carga el diablo y dec\u00edan unos y otros, que al ni\u00f1o Felipe, la pierna iban a cortarle. Pero antes de que eso sucediera, llegaron a o\u00eddos de la familia, que hab\u00eda una se\u00f1ora, que apodaban la de los 40 reales, que viv\u00eda del lado del roble, y ten\u00eda un cuerno que maravillas hac\u00eda.<\/p>\n\n\n\n<p>Contaba Felipe a este anciano, que le llevaron junto a la buena se\u00f1ora, cogieron ese cuerno y lo metieron en agua, y bebi\u00f3 de ella y despu\u00e9s con ella la pierna lavaba. El muchacho, que hab\u00eda crecido y hecho la primera comuni\u00f3n en la ermita que debajo de mi se alza, ten\u00eda cierta devoci\u00f3n a Santa Margarita y comenz\u00f3 a dedicarle las oraciones que en d\u00edas de domingo le ense\u00f1aran. Siguieron las plegarias y cuidados hasta ocho d\u00edas antes de la fiesta, que fue cuando el ni\u00f1o Felipe, cur\u00f3 por completo las heridas de su pierna. Fue emocionante para este \u00e1rbol, ver al chaval correr a por las ca\u00f1as de los fuegos, que poco despu\u00e9s tronaban encima de m\u00ed y de mi amada ermita.<\/p>\n\n\n\n<p>El ni\u00f1o se hizo hombre y dej\u00f3 atr\u00e1s aquellas penurias que le hab\u00eda causado la enfermedad, pero nunca el recuerdo de lo acontecido, pues era para \u00e9l un milagro tal cual. Con diecisiete a\u00f1os dej\u00f3 el barrio y entr\u00f3 en el ej\u00e9rcito, que lo tuvo durante a\u00f1os, de aqu\u00ed para all\u00e1. Fue de Vigo, a Jaca y de Jaca a Ferrol, despu\u00e9s a \u00c1frica, y de ah\u00ed a casa, que ya era tiempo de regresar.<\/p>\n\n\n\n<p>Con otros siete m\u00fasicos militares y cuatro civiles fund\u00f3 la Orquesta Sinfon\u00eda, que nada m\u00e1s salir del cuartel, entretenido lo ten\u00eda. Trabaj\u00f3 de sol a sol, a primeras horas del d\u00eda en lo militar, y en la tarde-noche como m\u00fasico, acompa\u00f1ando a grandes artistas, como aquel llamado Nino Bravo y las hermanas de nombre Ben\u00edtez.<\/p>\n\n\n\n<p>Durante a\u00f1os quiso \u00e9l hacer un homenaje para honrar aquel suceso, que de ni\u00f1o hab\u00eda vivido, pero el miedo a no hacerlo bien, le pon\u00eda freno. Hace un a\u00f1o m\u00e1s o menos, lleg\u00f3 una nueva pandemia a los humanos y tuvieron que confinarse para que \u00e9sta no los llevara de su lado. Fue entonces cuando en el silencio de esos meses de encierro, hall\u00f3 Felipe la inspiraci\u00f3n para escribir unos hermosos versos, que adornados con m\u00fasica, dedic\u00f3 a su virgen de Santa Margarita y aquel recuerdo.<\/p>\n\n\n\n<p>Se me estremeci\u00f3 el tronco y se me erizaron las hojas de mis ramas, cuando hace unos d\u00edas escuch\u00e9 su hermosa plegaria. Y ese sonido alegre, que esa alma de m\u00fasico hab\u00eda compuesto, para transformar lo vivido en notas y contar con emotivo sentimiento, lo que guardaba coraz\u00f3n y mente.<\/p>\n\n\n\n<p>\u00a10h, oh, se\u00f1ora, Virgen de Santa Margarita! Dice ese estribillo de m\u00e1gico brillo, seguido por una letra de sentido fervor, hacia la santa del barrio, que desde hace cientos de a\u00f1os, despierta en los humanos una gran devoci\u00f3n.<\/p>\n\n\n\n<p>Y aqu\u00ed, acaba por el momento, esta historia, no sin antes enviar al joven Felipe Codina que, a sus ochenta y seis a\u00f1os, conserva el arte de m\u00fasico, que desde ni\u00f1o cultiva.<\/p>\n\n\n\n<p>Robustus Robur<\/p>\n","protected":false},"excerpt":{"rendered":"<p>Robus Robur cuenta la historia de Felipe Codina y los motivos que le inspiraron para escribir y componer la m\u00fasica de  una hermosa plegaria a Santa Margarita.<\/p>\n","protected":false},"author":1,"featured_media":3702,"comment_status":"open","ping_status":"open","sticky":false,"template":"","format":"standard","meta":[],"categories":[10],"tags":[20,24,16,15,19],"jetpack_featured_media_url":"https:\/\/carballodesantamargarida.org\/robusrobur\/wp-content\/uploads\/2021\/07\/20210725_Historia-de-una-plegaria-1.png","yoast_head":"<!-- This site is optimized with the Yoast SEO plugin v15.3 - https:\/\/yoast.com\/wordpress\/plugins\/seo\/ -->\n<title>Historia de una plegaria - Roble de Santa Margarita - Carballo de Santa Margarida<\/title>\n<meta name=\"robots\" content=\"index, follow, max-snippet:-1, max-image-preview:large, max-video-preview:-1\" \/>\n<link rel=\"canonical\" href=\"https:\/\/carballodesantamargarida.org\/robusrobur\/index.php\/2021\/07\/25\/historia-de-una-plegaria\/\" \/>\n<meta property=\"og:locale\" content=\"es_ES\" \/>\n<meta property=\"og:type\" content=\"article\" \/>\n<meta property=\"og:title\" content=\"Historia de una plegaria - Roble de Santa Margarita - Carballo de Santa Margarida\" \/>\n<meta property=\"og:description\" content=\"Robus Robur cuenta la historia de Felipe Codina y los motivos que le inspiraron para escribir y componer la m\u00fasica de una hermosa plegaria a Santa Margarita.\" \/>\n<meta property=\"og:url\" content=\"https:\/\/carballodesantamargarida.org\/robusrobur\/index.php\/2021\/07\/25\/historia-de-una-plegaria\/\" \/>\n<meta property=\"og:site_name\" content=\"Roble de Santa Margarita - Carballo de Santa Margarida\" \/>\n<meta property=\"article:publisher\" content=\"https:\/\/www.facebook.com\/ACRobusRobur\" \/>\n<meta property=\"article:published_time\" content=\"2021-07-25T11:25:43+00:00\" \/>\n<meta property=\"article:modified_time\" content=\"2021-07-25T13:24:44+00:00\" \/>\n<meta property=\"og:image\" content=\"https:\/\/carballodesantamargarida.org\/robusrobur\/wp-content\/uploads\/2021\/07\/20210725_Historia-de-una-plegaria-1.png\" \/>\n\t<meta property=\"og:image:width\" content=\"1200\" \/>\n\t<meta property=\"og:image:height\" content=\"1600\" \/>\n<meta name=\"twitter:card\" content=\"summary_large_image\" \/>\n<meta name=\"twitter:label1\" content=\"Escrito por\">\n\t<meta name=\"twitter:data1\" content=\"admin\">\n\t<meta name=\"twitter:label2\" content=\"Tiempo de lectura\">\n\t<meta name=\"twitter:data2\" content=\"4 minutos\">\n<script type=\"application\/ld+json\" class=\"yoast-schema-graph\">{\"@context\":\"https:\/\/schema.org\",\"@graph\":[{\"@type\":\"Organization\",\"@id\":\"https:\/\/carballodesantamargarida.org\/robusrobur\/#organization\",\"name\":\"Asociaci\\u00f3n Cultural Robus Robur\",\"url\":\"https:\/\/carballodesantamargarida.org\/robusrobur\/\",\"sameAs\":[\"https:\/\/www.facebook.com\/ACRobusRobur\",\"https:\/\/www.instagram.com\/robusrobur\/\",\"https:\/\/es.wikipedia.org\/wiki\/Archivo:Roble_de_Santa_Margarita.jpg\"],\"logo\":{\"@type\":\"ImageObject\",\"@id\":\"https:\/\/carballodesantamargarida.org\/robusrobur\/#logo\",\"inLanguage\":\"es\",\"url\":\"https:\/\/carballodesantamargarida.org\/robusrobur\/wp-content\/uploads\/2020\/12\/cropped-20201221_Logo-tronco-marron-con-nombre-2.jpg\",\"width\":160,\"height\":128,\"caption\":\"Asociaci\\u00f3n Cultural Robus Robur\"},\"image\":{\"@id\":\"https:\/\/carballodesantamargarida.org\/robusrobur\/#logo\"}},{\"@type\":\"WebSite\",\"@id\":\"https:\/\/carballodesantamargarida.org\/robusrobur\/#website\",\"url\":\"https:\/\/carballodesantamargarida.org\/robusrobur\/\",\"name\":\"Roble de Santa Margarita - Carballo de Santa Margarida\",\"description\":\"Patrimonio Natural y Cultural del Carballo de Santa Margarita (Robus Robur). Naturaleza, Biolog\\u00eda, zoolog\\u00eda, estaciones del a\\u00f1o, poes\\u00eda, fotograf\\u00edas, artes pl\\u00e1sticas, recuerdos familiares, historia y simbolismo el este roble. P\\u00e1gina gamificada, incluye juego del Bellota-game y reto del Bellota-game Agallas.\",\"publisher\":{\"@id\":\"https:\/\/carballodesantamargarida.org\/robusrobur\/#organization\"},\"potentialAction\":[{\"@type\":\"SearchAction\",\"target\":\"https:\/\/carballodesantamargarida.org\/robusrobur\/?s={search_term_string}\",\"query-input\":\"required name=search_term_string\"}],\"inLanguage\":\"es\"},{\"@type\":\"ImageObject\",\"@id\":\"https:\/\/carballodesantamargarida.org\/robusrobur\/index.php\/2021\/07\/25\/historia-de-una-plegaria\/#primaryimage\",\"inLanguage\":\"es\",\"url\":\"https:\/\/carballodesantamargarida.org\/robusrobur\/wp-content\/uploads\/2021\/07\/20210725_Historia-de-una-plegaria-1.png\",\"width\":1200,\"height\":1600},{\"@type\":[\"WebPage\",\"ItemPage\"],\"@id\":\"https:\/\/carballodesantamargarida.org\/robusrobur\/index.php\/2021\/07\/25\/historia-de-una-plegaria\/#webpage\",\"url\":\"https:\/\/carballodesantamargarida.org\/robusrobur\/index.php\/2021\/07\/25\/historia-de-una-plegaria\/\",\"name\":\"Historia de una plegaria - Roble de Santa Margarita - Carballo de Santa Margarida\",\"isPartOf\":{\"@id\":\"https:\/\/carballodesantamargarida.org\/robusrobur\/#website\"},\"primaryImageOfPage\":{\"@id\":\"https:\/\/carballodesantamargarida.org\/robusrobur\/index.php\/2021\/07\/25\/historia-de-una-plegaria\/#primaryimage\"},\"datePublished\":\"2021-07-25T11:25:43+00:00\",\"dateModified\":\"2021-07-25T13:24:44+00:00\",\"inLanguage\":\"es\",\"potentialAction\":[{\"@type\":\"ReadAction\",\"target\":[\"https:\/\/carballodesantamargarida.org\/robusrobur\/index.php\/2021\/07\/25\/historia-de-una-plegaria\/\"]}]},{\"@type\":\"Article\",\"@id\":\"https:\/\/carballodesantamargarida.org\/robusrobur\/index.php\/2021\/07\/25\/historia-de-una-plegaria\/#article\",\"isPartOf\":{\"@id\":\"https:\/\/carballodesantamargarida.org\/robusrobur\/index.php\/2021\/07\/25\/historia-de-una-plegaria\/#webpage\"},\"author\":{\"@id\":\"https:\/\/carballodesantamargarida.org\/robusrobur\/#\/schema\/person\/446e16ae3e225c4fcb4c5e4f57370987\"},\"headline\":\"Historia de una plegaria\",\"datePublished\":\"2021-07-25T11:25:43+00:00\",\"dateModified\":\"2021-07-25T13:24:44+00:00\",\"mainEntityOfPage\":{\"@id\":\"https:\/\/carballodesantamargarida.org\/robusrobur\/index.php\/2021\/07\/25\/historia-de-una-plegaria\/#webpage\"},\"commentCount\":0,\"publisher\":{\"@id\":\"https:\/\/carballodesantamargarida.org\/robusrobur\/#organization\"},\"image\":{\"@id\":\"https:\/\/carballodesantamargarida.org\/robusrobur\/index.php\/2021\/07\/25\/historia-de-una-plegaria\/#primaryimage\"},\"keywords\":\"Emotividad,Historias entra\\u00f1ables,Patrimonio inmaterial,Roble,Santa Margarita\",\"articleSection\":\"Historias del barrio\",\"inLanguage\":\"es\",\"potentialAction\":[{\"@type\":\"CommentAction\",\"name\":\"Comment\",\"target\":[\"https:\/\/carballodesantamargarida.org\/robusrobur\/index.php\/2021\/07\/25\/historia-de-una-plegaria\/#respond\"]}]},{\"@type\":\"Person\",\"@id\":\"https:\/\/carballodesantamargarida.org\/robusrobur\/#\/schema\/person\/446e16ae3e225c4fcb4c5e4f57370987\",\"name\":\"admin\",\"image\":{\"@type\":\"ImageObject\",\"@id\":\"https:\/\/carballodesantamargarida.org\/robusrobur\/#personlogo\",\"inLanguage\":\"es\",\"url\":\"https:\/\/secure.gravatar.com\/avatar\/5a549151b302749e3d15f139a22300a6?s=96&d=mm&r=g\",\"caption\":\"admin\"},\"sameAs\":[\"https:\/\/carballodesantamargarida.org\/robusrobur\"]}]}<\/script>\n<!-- \/ Yoast SEO plugin. -->","_links":{"self":[{"href":"https:\/\/carballodesantamargarida.org\/robusrobur\/index.php\/wp-json\/wp\/v2\/posts\/3699"}],"collection":[{"href":"https:\/\/carballodesantamargarida.org\/robusrobur\/index.php\/wp-json\/wp\/v2\/posts"}],"about":[{"href":"https:\/\/carballodesantamargarida.org\/robusrobur\/index.php\/wp-json\/wp\/v2\/types\/post"}],"author":[{"embeddable":true,"href":"https:\/\/carballodesantamargarida.org\/robusrobur\/index.php\/wp-json\/wp\/v2\/users\/1"}],"replies":[{"embeddable":true,"href":"https:\/\/carballodesantamargarida.org\/robusrobur\/index.php\/wp-json\/wp\/v2\/comments?post=3699"}],"version-history":[{"count":1,"href":"https:\/\/carballodesantamargarida.org\/robusrobur\/index.php\/wp-json\/wp\/v2\/posts\/3699\/revisions"}],"predecessor-version":[{"id":3701,"href":"https:\/\/carballodesantamargarida.org\/robusrobur\/index.php\/wp-json\/wp\/v2\/posts\/3699\/revisions\/3701"}],"wp:featuredmedia":[{"embeddable":true,"href":"https:\/\/carballodesantamargarida.org\/robusrobur\/index.php\/wp-json\/wp\/v2\/media\/3702"}],"wp:attachment":[{"href":"https:\/\/carballodesantamargarida.org\/robusrobur\/index.php\/wp-json\/wp\/v2\/media?parent=3699"}],"wp:term":[{"taxonomy":"category","embeddable":true,"href":"https:\/\/carballodesantamargarida.org\/robusrobur\/index.php\/wp-json\/wp\/v2\/categories?post=3699"},{"taxonomy":"post_tag","embeddable":true,"href":"https:\/\/carballodesantamargarida.org\/robusrobur\/index.php\/wp-json\/wp\/v2\/tags?post=3699"}],"curies":[{"name":"wp","href":"https:\/\/api.w.org\/{rel}","templated":true}]}}