{"id":3696,"date":"2021-07-18T10:06:41","date_gmt":"2021-07-18T10:06:41","guid":{"rendered":"https:\/\/carballodesantamargarida.org\/robusrobur\/?p=3696"},"modified":"2022-05-11T17:01:35","modified_gmt":"2022-05-11T17:01:35","slug":"la-dama-alemana-de-bremen","status":"publish","type":"post","link":"https:\/\/carballodesantamargarida.org\/robusrobur\/index.php\/2021\/07\/18\/la-dama-alemana-de-bremen\/","title":{"rendered":"La dama alemana de Bremen"},"content":{"rendered":"\n<p>Ha llegado a mis hojas, que un nuevo retrato de m\u00ed, alguien ha realizado. Y es peculiar esta historia, pues la persona que lo ha dibujado, jam\u00e1s ha estado frente al ser al que tan magistralmente ha retratado.<\/p>\n\n\n\n<p>Dicen los que de esto saben, que la artista desde Alemania, una imagen de la obra ha enviado, para que vieran todos, la finura del trabajo desarrollado. Se preguntar\u00e1n los m\u00e1s curiosos, c\u00f3mo ha podido la dama alemana, plasmar con tanto acierto a este viejo anciano. Ha sido, seg\u00fan ella, gracias a las fotograf\u00edas y v\u00eddeos que de m\u00ed en la nube han colgado.<\/p>\n\n\n\n<p><strong>Versi\u00f3n en audio ( en la voz de Jorge, Pontevedra):<\/strong><\/p>\n\n\n\n<figure class=\"wp-block-audio\"><audio controls src=\"https:\/\/carballodesantamargarida.org\/robusrobur\/wp-content\/uploads\/2022\/03\/La-dama-alemana-de-Bremen.mp3\"><\/audio><\/figure>\n\n\n\n<p>Se inspir\u00f3 ella en las im\u00e1genes de otros y dej\u00f3 volar la imaginaci\u00f3n bien alta, hasta alcanzar las colinas de Pontevedra, que es all\u00ed donde mis ramas se alzan. Cre\u00f3 la dama una obra de lenguaje universal, pues sab\u00eda ella, que poco podr\u00edamos entender aqu\u00ed, el habla de una germana y por eso escogi\u00f3 un retazo de arte, que transmite m\u00e1s que cientos de palabras.<\/p>\n\n\n\n<p>Dibuj\u00f3 ella a un \u00e1rbol con otros, pues no dejan de ser l\u00e1piz y folio, herramientas que sacan los humanos de nosotros. Afil\u00f3 bien la peque\u00f1a ramita y con maestr\u00eda de artista, dio forma a unas l\u00edneas y trazos, que combinados, dieron como resultado, la enorme figura del roble venerado. No dej\u00f3 atr\u00e1s ning\u00fan detalle, y a pesar de que sus ojos nunca me han contemplado, capt\u00f3 con hermosura la vejez lozana de este \u00e1rbol.<\/p>\n\n\n\n<p>Y es que es el arte una gran cualidad de los humanos, que los humaniza y los hace menos b\u00e1rbaros. Somos en eso bien diferentes, pues no podr\u00edan los de mi especie, desarrollar t\u00e9cnicas como las que precisan los maestros artesanos. Somos nosotros musas y retratados, inspiraci\u00f3n de los inspirados, pues no puede competir el ser humano, con la belleza natural de un \u00e1rbol.<\/p>\n\n\n\n<p>Y es Alemania, la tierra de la dama, un lugar de verdes praderas y grandes monta\u00f1as. Crecen all\u00ed \u00e1rboles tan altos, que una selva negra crean, por la oscuridad que generan, tantos hermanos juntos y pegados. Son entre ellos los de mi familia, muy admirados, pues considera el germano al roble, un s\u00edmbolo desde anta\u00f1o. Entre quercus robur pasearon poetas e instauraron cultos y creencias, los antiguos celtas. Son esas, cosas que me cuentan las aves que vuelan, que historias en su pico llevan, sobre gentes y lugares que en su camino encuentran. Si son mentiras o verdades s\u00f3lo lo saben ellas, pues a este viejo roble solo le interesa que le entretengan.<\/p>\n\n\n\n<p>Muevo ahora mis hojas al viento para enviar desde aqu\u00ed un frondoso abrazo de abuelo, a Margot M\u00fcller, la dama alemana, de Bremen. <\/p>\n\n\n\n<p>Robustus Robur.<\/p>\n\n\n\n<p>P.D. Si quieres ver su hermos dibujo, pincha <a href=\"https:\/\/carballodesantamargarida.org\/robusrobur\/index.php\/dibujo\/\">aqu\u00ed<\/a><\/p>\n","protected":false},"excerpt":{"rendered":"<p>Ha llegado a mis hojas, que un nuevo retrato de m\u00ed, alguien ha realizado. Y es peculiar esta historia, pues la persona que lo ha dibujado, jam\u00e1s ha estado frente al ser al que tan magistralmente ha retratado. Dicen los que de esto saben, que la artista desde Alemania, una imagen de la obra ha [&hellip;]<\/p>\n","protected":false},"author":1,"featured_media":3694,"comment_status":"open","ping_status":"open","sticky":false,"template":"","format":"standard","meta":[],"categories":[9],"tags":[18,17,15],"jetpack_featured_media_url":"https:\/\/carballodesantamargarida.org\/robusrobur\/wp-content\/uploads\/2021\/07\/20210718_Dibujo-margot-fondo-blanco.png","yoast_head":"<!-- This site is optimized with the Yoast SEO plugin v15.3 - https:\/\/yoast.com\/wordpress\/plugins\/seo\/ -->\n<title>La dama alemana de Bremen - Roble de Santa Margarita - Carballo de Santa Margarida<\/title>\n<meta name=\"robots\" content=\"index, follow, max-snippet:-1, max-image-preview:large, max-video-preview:-1\" \/>\n<link rel=\"canonical\" href=\"https:\/\/carballodesantamargarida.org\/robusrobur\/index.php\/2021\/07\/18\/la-dama-alemana-de-bremen\/\" \/>\n<meta property=\"og:locale\" content=\"es_ES\" \/>\n<meta property=\"og:type\" content=\"article\" \/>\n<meta property=\"og:title\" content=\"La dama alemana de Bremen - Roble de Santa Margarita - Carballo de Santa Margarida\" \/>\n<meta property=\"og:description\" content=\"Ha llegado a mis hojas, que un nuevo retrato de m\u00ed, alguien ha realizado. Y es peculiar esta historia, pues la persona que lo ha dibujado, jam\u00e1s ha estado frente al ser al que tan magistralmente ha retratado. Dicen los que de esto saben, que la artista desde Alemania, una imagen de la obra ha [&hellip;]\" \/>\n<meta property=\"og:url\" content=\"https:\/\/carballodesantamargarida.org\/robusrobur\/index.php\/2021\/07\/18\/la-dama-alemana-de-bremen\/\" \/>\n<meta property=\"og:site_name\" content=\"Roble de Santa Margarita - Carballo de Santa Margarida\" \/>\n<meta property=\"article:publisher\" content=\"https:\/\/www.facebook.com\/ACRobusRobur\" \/>\n<meta property=\"article:published_time\" content=\"2021-07-18T10:06:41+00:00\" \/>\n<meta property=\"article:modified_time\" content=\"2022-05-11T17:01:35+00:00\" \/>\n<meta property=\"og:image\" content=\"https:\/\/carballodesantamargarida.org\/robusrobur\/wp-content\/uploads\/2021\/07\/20210718_Dibujo-margot-fondo-blanco.png\" \/>\n\t<meta property=\"og:image:width\" content=\"723\" \/>\n\t<meta property=\"og:image:height\" content=\"1024\" \/>\n<meta name=\"twitter:card\" content=\"summary_large_image\" \/>\n<meta name=\"twitter:label1\" content=\"Escrito por\">\n\t<meta name=\"twitter:data1\" content=\"admin\">\n\t<meta name=\"twitter:label2\" content=\"Tiempo de lectura\">\n\t<meta name=\"twitter:data2\" content=\"2 minutos\">\n<script type=\"application\/ld+json\" class=\"yoast-schema-graph\">{\"@context\":\"https:\/\/schema.org\",\"@graph\":[{\"@type\":\"Organization\",\"@id\":\"https:\/\/carballodesantamargarida.org\/robusrobur\/#organization\",\"name\":\"Asociaci\\u00f3n Cultural Robus Robur\",\"url\":\"https:\/\/carballodesantamargarida.org\/robusrobur\/\",\"sameAs\":[\"https:\/\/www.facebook.com\/ACRobusRobur\",\"https:\/\/www.instagram.com\/robusrobur\/\",\"https:\/\/es.wikipedia.org\/wiki\/Archivo:Roble_de_Santa_Margarita.jpg\"],\"logo\":{\"@type\":\"ImageObject\",\"@id\":\"https:\/\/carballodesantamargarida.org\/robusrobur\/#logo\",\"inLanguage\":\"es\",\"url\":\"https:\/\/carballodesantamargarida.org\/robusrobur\/wp-content\/uploads\/2020\/12\/cropped-20201221_Logo-tronco-marron-con-nombre-2.jpg\",\"width\":160,\"height\":128,\"caption\":\"Asociaci\\u00f3n Cultural Robus Robur\"},\"image\":{\"@id\":\"https:\/\/carballodesantamargarida.org\/robusrobur\/#logo\"}},{\"@type\":\"WebSite\",\"@id\":\"https:\/\/carballodesantamargarida.org\/robusrobur\/#website\",\"url\":\"https:\/\/carballodesantamargarida.org\/robusrobur\/\",\"name\":\"Roble de Santa Margarita - Carballo de Santa Margarida\",\"description\":\"Patrimonio Natural y Cultural del Carballo de Santa Margarita (Robus Robur). Naturaleza, Biolog\\u00eda, zoolog\\u00eda, estaciones del a\\u00f1o, poes\\u00eda, fotograf\\u00edas, artes pl\\u00e1sticas, recuerdos familiares, historia y simbolismo el este roble. P\\u00e1gina gamificada, incluye juego del Bellota-game y reto del Bellota-game Agallas.\",\"publisher\":{\"@id\":\"https:\/\/carballodesantamargarida.org\/robusrobur\/#organization\"},\"potentialAction\":[{\"@type\":\"SearchAction\",\"target\":\"https:\/\/carballodesantamargarida.org\/robusrobur\/?s={search_term_string}\",\"query-input\":\"required name=search_term_string\"}],\"inLanguage\":\"es\"},{\"@type\":\"ImageObject\",\"@id\":\"https:\/\/carballodesantamargarida.org\/robusrobur\/index.php\/2021\/07\/18\/la-dama-alemana-de-bremen\/#primaryimage\",\"inLanguage\":\"es\",\"url\":\"https:\/\/carballodesantamargarida.org\/robusrobur\/wp-content\/uploads\/2021\/07\/20210718_Dibujo-margot-fondo-blanco.png\",\"width\":723,\"height\":1024},{\"@type\":[\"WebPage\",\"ItemPage\"],\"@id\":\"https:\/\/carballodesantamargarida.org\/robusrobur\/index.php\/2021\/07\/18\/la-dama-alemana-de-bremen\/#webpage\",\"url\":\"https:\/\/carballodesantamargarida.org\/robusrobur\/index.php\/2021\/07\/18\/la-dama-alemana-de-bremen\/\",\"name\":\"La dama alemana de Bremen - Roble de Santa Margarita - Carballo de Santa Margarida\",\"isPartOf\":{\"@id\":\"https:\/\/carballodesantamargarida.org\/robusrobur\/#website\"},\"primaryImageOfPage\":{\"@id\":\"https:\/\/carballodesantamargarida.org\/robusrobur\/index.php\/2021\/07\/18\/la-dama-alemana-de-bremen\/#primaryimage\"},\"datePublished\":\"2021-07-18T10:06:41+00:00\",\"dateModified\":\"2022-05-11T17:01:35+00:00\",\"inLanguage\":\"es\",\"potentialAction\":[{\"@type\":\"ReadAction\",\"target\":[\"https:\/\/carballodesantamargarida.org\/robusrobur\/index.php\/2021\/07\/18\/la-dama-alemana-de-bremen\/\"]}]},{\"@type\":\"Article\",\"@id\":\"https:\/\/carballodesantamargarida.org\/robusrobur\/index.php\/2021\/07\/18\/la-dama-alemana-de-bremen\/#article\",\"isPartOf\":{\"@id\":\"https:\/\/carballodesantamargarida.org\/robusrobur\/index.php\/2021\/07\/18\/la-dama-alemana-de-bremen\/#webpage\"},\"author\":{\"@id\":\"https:\/\/carballodesantamargarida.org\/robusrobur\/#\/schema\/person\/446e16ae3e225c4fcb4c5e4f57370987\"},\"headline\":\"La dama alemana de Bremen\",\"datePublished\":\"2021-07-18T10:06:41+00:00\",\"dateModified\":\"2022-05-11T17:01:35+00:00\",\"mainEntityOfPage\":{\"@id\":\"https:\/\/carballodesantamargarida.org\/robusrobur\/index.php\/2021\/07\/18\/la-dama-alemana-de-bremen\/#webpage\"},\"commentCount\":2,\"publisher\":{\"@id\":\"https:\/\/carballodesantamargarida.org\/robusrobur\/#organization\"},\"image\":{\"@id\":\"https:\/\/carballodesantamargarida.org\/robusrobur\/index.php\/2021\/07\/18\/la-dama-alemana-de-bremen\/#primaryimage\"},\"keywords\":\"Patrimonio cultural,Patrimonio natural,Roble\",\"articleSection\":\"Robustus Robur\",\"inLanguage\":\"es\",\"potentialAction\":[{\"@type\":\"CommentAction\",\"name\":\"Comment\",\"target\":[\"https:\/\/carballodesantamargarida.org\/robusrobur\/index.php\/2021\/07\/18\/la-dama-alemana-de-bremen\/#respond\"]}]},{\"@type\":\"Person\",\"@id\":\"https:\/\/carballodesantamargarida.org\/robusrobur\/#\/schema\/person\/446e16ae3e225c4fcb4c5e4f57370987\",\"name\":\"admin\",\"image\":{\"@type\":\"ImageObject\",\"@id\":\"https:\/\/carballodesantamargarida.org\/robusrobur\/#personlogo\",\"inLanguage\":\"es\",\"url\":\"https:\/\/secure.gravatar.com\/avatar\/5a549151b302749e3d15f139a22300a6?s=96&d=mm&r=g\",\"caption\":\"admin\"},\"sameAs\":[\"https:\/\/carballodesantamargarida.org\/robusrobur\"]}]}<\/script>\n<!-- \/ Yoast SEO plugin. -->","_links":{"self":[{"href":"https:\/\/carballodesantamargarida.org\/robusrobur\/index.php\/wp-json\/wp\/v2\/posts\/3696"}],"collection":[{"href":"https:\/\/carballodesantamargarida.org\/robusrobur\/index.php\/wp-json\/wp\/v2\/posts"}],"about":[{"href":"https:\/\/carballodesantamargarida.org\/robusrobur\/index.php\/wp-json\/wp\/v2\/types\/post"}],"author":[{"embeddable":true,"href":"https:\/\/carballodesantamargarida.org\/robusrobur\/index.php\/wp-json\/wp\/v2\/users\/1"}],"replies":[{"embeddable":true,"href":"https:\/\/carballodesantamargarida.org\/robusrobur\/index.php\/wp-json\/wp\/v2\/comments?post=3696"}],"version-history":[{"count":5,"href":"https:\/\/carballodesantamargarida.org\/robusrobur\/index.php\/wp-json\/wp\/v2\/posts\/3696\/revisions"}],"predecessor-version":[{"id":4165,"href":"https:\/\/carballodesantamargarida.org\/robusrobur\/index.php\/wp-json\/wp\/v2\/posts\/3696\/revisions\/4165"}],"wp:featuredmedia":[{"embeddable":true,"href":"https:\/\/carballodesantamargarida.org\/robusrobur\/index.php\/wp-json\/wp\/v2\/media\/3694"}],"wp:attachment":[{"href":"https:\/\/carballodesantamargarida.org\/robusrobur\/index.php\/wp-json\/wp\/v2\/media?parent=3696"}],"wp:term":[{"taxonomy":"category","embeddable":true,"href":"https:\/\/carballodesantamargarida.org\/robusrobur\/index.php\/wp-json\/wp\/v2\/categories?post=3696"},{"taxonomy":"post_tag","embeddable":true,"href":"https:\/\/carballodesantamargarida.org\/robusrobur\/index.php\/wp-json\/wp\/v2\/tags?post=3696"}],"curies":[{"name":"wp","href":"https:\/\/api.w.org\/{rel}","templated":true}]}}