{"id":3689,"date":"2021-07-04T10:13:26","date_gmt":"2021-07-04T10:13:26","guid":{"rendered":"https:\/\/carballodesantamargarida.org\/robusrobur\/?p=3689"},"modified":"2022-05-11T17:10:16","modified_gmt":"2022-05-11T17:10:16","slug":"el-hombre-de-la-voz-dulce-y-los-mil-recuerdos","status":"publish","type":"post","link":"https:\/\/carballodesantamargarida.org\/robusrobur\/index.php\/2021\/07\/04\/el-hombre-de-la-voz-dulce-y-los-mil-recuerdos\/","title":{"rendered":"El hombre de la voz dulce y los mil recuerdos"},"content":{"rendered":"\n<p>En otros tiempos en los que los humanos a duras penas pod\u00edan alzar su voz, en los que la censura cortaba con cuchilla la libertad de expresi\u00f3n y todos marchaban al un\u00edsono impulsados por un ordeno y mando, dejaba volar un ni\u00f1o su imaginaci\u00f3n.<\/p>\n\n\n\n<p>Agazapado en la sombra de su propio cuerpo, escuchaba los relatos de los mayores, que en la inocencia de aquella mente infantil, sonaban a aventuras de piratas y corsarios, que \u00e9l viv\u00eda con la intensidad de un agente infiltrado, aunque para los que estaban all\u00ed, no dejara de ser m\u00e1s que algo cotidiano.<\/p>\n\n\n\n<p><strong>Versi\u00f3n audio ( en la voz de Miti, Pontevedra):<\/strong><\/p>\n\n\n\n<figure class=\"wp-block-audio\"><audio controls src=\"https:\/\/carballodesantamargarida.org\/robusrobur\/wp-content\/uploads\/2022\/03\/El-hombre-de-la-voz-dulce.mp3\"><\/audio><\/figure>\n\n\n\n<p>No era \u00e9l natural de Santa Margarita, pero s\u00ed su familia, que desde tiempos remotos, que recordar me hacen viejo, ayudaban a sostener la hermosa capilla. Ten\u00eda esta familia abundantes terrenos, que por abajo lindaban con el r\u00edo y por arriba con la casa del cartero.<\/p>\n\n\n\n<p>Curiosamente a unas cartas, dedic\u00f3 Gonzalo sus \u00faltimas palabras con este viejo. Recordaba aquel ni\u00f1o ya adulto, c\u00f3mo en tiempos de su ni\u00f1ez, llegaba una peculiar carta a su casa, coincidiendo con las visitas a Pontevedra de un personaje, al que la dictadura infund\u00eda de un poder que asustaba.<\/p>\n\n\n\n<p>Desde mis hojas m\u00e1s altas, ve\u00eda yo acercarse al cartero y como el intr\u00e9pido muchacho, se mov\u00eda inquieto, hasta conocer el contenido de las misivas entregadas por aquel hombre de azul y cartera de cuero.<\/p>\n\n\n\n<p>Confesaba \u00e9l a este viejo anciano, que lo que ped\u00edan aquellas letras era un permiso temporal para instalar un cable a lo largo de la finca familiar, desde lo que llaman Fenosa, hasta las m\u00e1rgenes del r\u00edo que atraviesa la ciudad, pues era en esas aguas, en d\u00f3nde el llamado \u201ccaudillo\u201d ir\u00eda a pescar. Guardaban salmones durante d\u00edas, que custodiaba desde lo alto de un pariente m\u00edo, un paisano que antes de vig\u00eda, hab\u00eda sido pescador furtivo. Y que bien sab\u00eda d\u00f3nde encontrar los mejores ejemplares, pues en tiempos que ejerc\u00eda aquella il\u00edcita actividad con dinamita los consegu\u00eda pescar.<\/p>\n\n\n\n<p>En los extremos del cable misterioso que atravesaba Santa Margarita colocaban unos aparatos que desconozco y que comunicaban los salones del L\u00e9rez, con las decisiones y noticias que llegaban de lejos, pues no era bueno mantener a ciegas a aquel que con pu\u00f1o de acero reg\u00eda y que, estuviera d\u00f3nde estuviera, el destino de la naci\u00f3n dirig\u00eda.<\/p>\n\n\n\n<p>Historias como estas manten\u00edan a Gonzalo Lenard en vilo de ni\u00f1o y le har\u00edan sentirse vivo cuando anciano, porque viv\u00edan en \u00e9l los recuerdos, como ahora vive \u00e9l en los de los que ha dejado. Pues la naturaleza hace poco se lo ha llevado, despu\u00e9s de que la ciencia no pudiera salvar su cuerpo agotado. Y aunque se ha ido pronto, sin acabar el proyecto que lo un\u00eda a este viejo \u201ccarballo\u201d, march\u00f3 ilusionado, so\u00f1ando con algo que pudo ser y no fue, porque el tiempo avanz\u00f3 demasiado r\u00e1pido.<\/p>\n\n\n\n<p>Sirvan estas l\u00edneas como despedida y homenaje a Gonzalo, el hombre de la voz dulce y los mil recuerdos de anta\u00f1o.<\/p>\n\n\n\n<p>Un frondoso abrazo de verde a\u00f1oranza y cari\u00f1o deja este roble para \u00e9l y para aquellos a los que su marcha ha llenado de tristeza y pesar.<\/p>\n\n\n\n<p>Robustus Robur<\/p>\n\n\n\n<p><\/p>\n","protected":false},"excerpt":{"rendered":"<p>En otros tiempos en los que los humanos a duras penas pod\u00edan alzar su voz, en los que la censura cortaba con cuchilla la libertad de expresi\u00f3n y todos marchaban al un\u00edsono impulsados por un ordeno y mando, dejaba volar un ni\u00f1o su imaginaci\u00f3n. Agazapado en la sombra de su propio cuerpo, escuchaba los relatos [&hellip;]<\/p>\n","protected":false},"author":1,"featured_media":3691,"comment_status":"open","ping_status":"open","sticky":false,"template":"","format":"standard","meta":[],"categories":[10],"tags":[20,23,24,15,19,12],"jetpack_featured_media_url":"https:\/\/carballodesantamargarida.org\/robusrobur\/wp-content\/uploads\/2021\/07\/20210704_Gonzalo-Lenard-FONDO-BLANCO.png","yoast_head":"<!-- This site is optimized with the Yoast SEO plugin v15.3 - https:\/\/yoast.com\/wordpress\/plugins\/seo\/ -->\n<title>El hombre de la voz dulce y los mil recuerdos - Roble de Santa Margarita - Carballo de Santa Margarida<\/title>\n<meta name=\"robots\" content=\"index, follow, max-snippet:-1, max-image-preview:large, max-video-preview:-1\" \/>\n<link rel=\"canonical\" href=\"https:\/\/carballodesantamargarida.org\/robusrobur\/index.php\/2021\/07\/04\/el-hombre-de-la-voz-dulce-y-los-mil-recuerdos\/\" \/>\n<meta property=\"og:locale\" content=\"es_ES\" \/>\n<meta property=\"og:type\" content=\"article\" \/>\n<meta property=\"og:title\" content=\"El hombre de la voz dulce y los mil recuerdos - Roble de Santa Margarita - Carballo de Santa Margarida\" \/>\n<meta property=\"og:description\" content=\"En otros tiempos en los que los humanos a duras penas pod\u00edan alzar su voz, en los que la censura cortaba con cuchilla la libertad de expresi\u00f3n y todos marchaban al un\u00edsono impulsados por un ordeno y mando, dejaba volar un ni\u00f1o su imaginaci\u00f3n. Agazapado en la sombra de su propio cuerpo, escuchaba los relatos [&hellip;]\" \/>\n<meta property=\"og:url\" content=\"https:\/\/carballodesantamargarida.org\/robusrobur\/index.php\/2021\/07\/04\/el-hombre-de-la-voz-dulce-y-los-mil-recuerdos\/\" \/>\n<meta property=\"og:site_name\" content=\"Roble de Santa Margarita - Carballo de Santa Margarida\" \/>\n<meta property=\"article:publisher\" content=\"https:\/\/www.facebook.com\/ACRobusRobur\" \/>\n<meta property=\"article:published_time\" content=\"2021-07-04T10:13:26+00:00\" \/>\n<meta property=\"article:modified_time\" content=\"2022-05-11T17:10:16+00:00\" \/>\n<meta property=\"og:image\" content=\"https:\/\/carballodesantamargarida.org\/robusrobur\/wp-content\/uploads\/2021\/07\/20210704_Gonzalo-Lenard-FONDO-BLANCO.png\" \/>\n\t<meta property=\"og:image:width\" content=\"319\" \/>\n\t<meta property=\"og:image:height\" content=\"669\" \/>\n<meta name=\"twitter:card\" content=\"summary_large_image\" \/>\n<meta name=\"twitter:label1\" content=\"Escrito por\">\n\t<meta name=\"twitter:data1\" content=\"admin\">\n\t<meta name=\"twitter:label2\" content=\"Tiempo de lectura\">\n\t<meta name=\"twitter:data2\" content=\"2 minutos\">\n<script type=\"application\/ld+json\" class=\"yoast-schema-graph\">{\"@context\":\"https:\/\/schema.org\",\"@graph\":[{\"@type\":\"Organization\",\"@id\":\"https:\/\/carballodesantamargarida.org\/robusrobur\/#organization\",\"name\":\"Asociaci\\u00f3n Cultural Robus Robur\",\"url\":\"https:\/\/carballodesantamargarida.org\/robusrobur\/\",\"sameAs\":[\"https:\/\/www.facebook.com\/ACRobusRobur\",\"https:\/\/www.instagram.com\/robusrobur\/\",\"https:\/\/es.wikipedia.org\/wiki\/Archivo:Roble_de_Santa_Margarita.jpg\"],\"logo\":{\"@type\":\"ImageObject\",\"@id\":\"https:\/\/carballodesantamargarida.org\/robusrobur\/#logo\",\"inLanguage\":\"es\",\"url\":\"https:\/\/carballodesantamargarida.org\/robusrobur\/wp-content\/uploads\/2020\/12\/cropped-20201221_Logo-tronco-marron-con-nombre-2.jpg\",\"width\":160,\"height\":128,\"caption\":\"Asociaci\\u00f3n Cultural Robus Robur\"},\"image\":{\"@id\":\"https:\/\/carballodesantamargarida.org\/robusrobur\/#logo\"}},{\"@type\":\"WebSite\",\"@id\":\"https:\/\/carballodesantamargarida.org\/robusrobur\/#website\",\"url\":\"https:\/\/carballodesantamargarida.org\/robusrobur\/\",\"name\":\"Roble de Santa Margarita - Carballo de Santa Margarida\",\"description\":\"Patrimonio Natural y Cultural del Carballo de Santa Margarita (Robus Robur). Naturaleza, Biolog\\u00eda, zoolog\\u00eda, estaciones del a\\u00f1o, poes\\u00eda, fotograf\\u00edas, artes pl\\u00e1sticas, recuerdos familiares, historia y simbolismo el este roble. P\\u00e1gina gamificada, incluye juego del Bellota-game y reto del Bellota-game Agallas.\",\"publisher\":{\"@id\":\"https:\/\/carballodesantamargarida.org\/robusrobur\/#organization\"},\"potentialAction\":[{\"@type\":\"SearchAction\",\"target\":\"https:\/\/carballodesantamargarida.org\/robusrobur\/?s={search_term_string}\",\"query-input\":\"required name=search_term_string\"}],\"inLanguage\":\"es\"},{\"@type\":\"ImageObject\",\"@id\":\"https:\/\/carballodesantamargarida.org\/robusrobur\/index.php\/2021\/07\/04\/el-hombre-de-la-voz-dulce-y-los-mil-recuerdos\/#primaryimage\",\"inLanguage\":\"es\",\"url\":\"https:\/\/carballodesantamargarida.org\/robusrobur\/wp-content\/uploads\/2021\/07\/20210704_Gonzalo-Lenard-FONDO-BLANCO.png\",\"width\":319,\"height\":669},{\"@type\":[\"WebPage\",\"ItemPage\"],\"@id\":\"https:\/\/carballodesantamargarida.org\/robusrobur\/index.php\/2021\/07\/04\/el-hombre-de-la-voz-dulce-y-los-mil-recuerdos\/#webpage\",\"url\":\"https:\/\/carballodesantamargarida.org\/robusrobur\/index.php\/2021\/07\/04\/el-hombre-de-la-voz-dulce-y-los-mil-recuerdos\/\",\"name\":\"El hombre de la voz dulce y los mil recuerdos - Roble de Santa Margarita - Carballo de Santa Margarida\",\"isPartOf\":{\"@id\":\"https:\/\/carballodesantamargarida.org\/robusrobur\/#website\"},\"primaryImageOfPage\":{\"@id\":\"https:\/\/carballodesantamargarida.org\/robusrobur\/index.php\/2021\/07\/04\/el-hombre-de-la-voz-dulce-y-los-mil-recuerdos\/#primaryimage\"},\"datePublished\":\"2021-07-04T10:13:26+00:00\",\"dateModified\":\"2022-05-11T17:10:16+00:00\",\"inLanguage\":\"es\",\"potentialAction\":[{\"@type\":\"ReadAction\",\"target\":[\"https:\/\/carballodesantamargarida.org\/robusrobur\/index.php\/2021\/07\/04\/el-hombre-de-la-voz-dulce-y-los-mil-recuerdos\/\"]}]},{\"@type\":\"Article\",\"@id\":\"https:\/\/carballodesantamargarida.org\/robusrobur\/index.php\/2021\/07\/04\/el-hombre-de-la-voz-dulce-y-los-mil-recuerdos\/#article\",\"isPartOf\":{\"@id\":\"https:\/\/carballodesantamargarida.org\/robusrobur\/index.php\/2021\/07\/04\/el-hombre-de-la-voz-dulce-y-los-mil-recuerdos\/#webpage\"},\"author\":{\"@id\":\"https:\/\/carballodesantamargarida.org\/robusrobur\/#\/schema\/person\/446e16ae3e225c4fcb4c5e4f57370987\"},\"headline\":\"El hombre de la voz dulce y los mil recuerdos\",\"datePublished\":\"2021-07-04T10:13:26+00:00\",\"dateModified\":\"2022-05-11T17:10:16+00:00\",\"mainEntityOfPage\":{\"@id\":\"https:\/\/carballodesantamargarida.org\/robusrobur\/index.php\/2021\/07\/04\/el-hombre-de-la-voz-dulce-y-los-mil-recuerdos\/#webpage\"},\"commentCount\":2,\"publisher\":{\"@id\":\"https:\/\/carballodesantamargarida.org\/robusrobur\/#organization\"},\"image\":{\"@id\":\"https:\/\/carballodesantamargarida.org\/robusrobur\/index.php\/2021\/07\/04\/el-hombre-de-la-voz-dulce-y-los-mil-recuerdos\/#primaryimage\"},\"keywords\":\"Emotividad,Familia,Historias entra\\u00f1ables,Roble,Santa Margarita,Vecindario\",\"articleSection\":\"Historias del barrio\",\"inLanguage\":\"es\",\"potentialAction\":[{\"@type\":\"CommentAction\",\"name\":\"Comment\",\"target\":[\"https:\/\/carballodesantamargarida.org\/robusrobur\/index.php\/2021\/07\/04\/el-hombre-de-la-voz-dulce-y-los-mil-recuerdos\/#respond\"]}]},{\"@type\":\"Person\",\"@id\":\"https:\/\/carballodesantamargarida.org\/robusrobur\/#\/schema\/person\/446e16ae3e225c4fcb4c5e4f57370987\",\"name\":\"admin\",\"image\":{\"@type\":\"ImageObject\",\"@id\":\"https:\/\/carballodesantamargarida.org\/robusrobur\/#personlogo\",\"inLanguage\":\"es\",\"url\":\"https:\/\/secure.gravatar.com\/avatar\/5a549151b302749e3d15f139a22300a6?s=96&d=mm&r=g\",\"caption\":\"admin\"},\"sameAs\":[\"https:\/\/carballodesantamargarida.org\/robusrobur\"]}]}<\/script>\n<!-- \/ Yoast SEO plugin. -->","_links":{"self":[{"href":"https:\/\/carballodesantamargarida.org\/robusrobur\/index.php\/wp-json\/wp\/v2\/posts\/3689"}],"collection":[{"href":"https:\/\/carballodesantamargarida.org\/robusrobur\/index.php\/wp-json\/wp\/v2\/posts"}],"about":[{"href":"https:\/\/carballodesantamargarida.org\/robusrobur\/index.php\/wp-json\/wp\/v2\/types\/post"}],"author":[{"embeddable":true,"href":"https:\/\/carballodesantamargarida.org\/robusrobur\/index.php\/wp-json\/wp\/v2\/users\/1"}],"replies":[{"embeddable":true,"href":"https:\/\/carballodesantamargarida.org\/robusrobur\/index.php\/wp-json\/wp\/v2\/comments?post=3689"}],"version-history":[{"count":6,"href":"https:\/\/carballodesantamargarida.org\/robusrobur\/index.php\/wp-json\/wp\/v2\/posts\/3689\/revisions"}],"predecessor-version":[{"id":4166,"href":"https:\/\/carballodesantamargarida.org\/robusrobur\/index.php\/wp-json\/wp\/v2\/posts\/3689\/revisions\/4166"}],"wp:featuredmedia":[{"embeddable":true,"href":"https:\/\/carballodesantamargarida.org\/robusrobur\/index.php\/wp-json\/wp\/v2\/media\/3691"}],"wp:attachment":[{"href":"https:\/\/carballodesantamargarida.org\/robusrobur\/index.php\/wp-json\/wp\/v2\/media?parent=3689"}],"wp:term":[{"taxonomy":"category","embeddable":true,"href":"https:\/\/carballodesantamargarida.org\/robusrobur\/index.php\/wp-json\/wp\/v2\/categories?post=3689"},{"taxonomy":"post_tag","embeddable":true,"href":"https:\/\/carballodesantamargarida.org\/robusrobur\/index.php\/wp-json\/wp\/v2\/tags?post=3689"}],"curies":[{"name":"wp","href":"https:\/\/api.w.org\/{rel}","templated":true}]}}