{"id":3652,"date":"2021-06-13T11:24:19","date_gmt":"2021-06-13T11:24:19","guid":{"rendered":"https:\/\/carballodesantamargarida.org\/robusrobur\/?p=3652"},"modified":"2022-05-11T17:11:22","modified_gmt":"2022-05-11T17:11:22","slug":"recuerdos-de-nina-suenos-de-mujer","status":"publish","type":"post","link":"https:\/\/carballodesantamargarida.org\/robusrobur\/index.php\/2021\/06\/13\/recuerdos-de-nina-suenos-de-mujer\/","title":{"rendered":"Recuerdos de ni\u00f1a, sue\u00f1os de mujer"},"content":{"rendered":"\n<p>Este anciano roble guarda en su tronco mil momentos, que son un tesoro, para los que siguen en este mundo, a\u00f1orando a los que ya se fueron. Me emociona y hace estremecer, ese valor simb\u00f3lico que tengo, a pesar de ser un \u00e1rbol viejo. Es un influjo que desprendo, que despierta los recuerdos y mantiene vivos los sentimientos, y eso hace que muchas personas, encuentren en la ermita y en m\u00ed, su consuelo.<\/p>\n\n\n\n<p>Soy una constante en el tiempo, un punto de encuentro, un lugar en el que rememorar personas y hechos. Viene hoy a mis hojas uno de ellos y antes de irme por las ramas, contar\u00e9 lo que recuerdo sobre una ni\u00f1a y su madre.<\/p>\n\n\n\n<p><strong>Versi\u00f3n audio ( en la voz de Felipe, Santiago de Chile)<\/strong><\/p>\n\n\n\n<figure class=\"wp-block-audio\"><audio controls src=\"https:\/\/carballodesantamargarida.org\/robusrobur\/wp-content\/uploads\/2022\/03\/Recuerdos-de-nina.mp3\"><\/audio><\/figure>\n\n\n\n<p>Conoc\u00ed a la peque\u00f1a Mar\u00eda del Carmen, cuando era del tama\u00f1o de una bellota vista desde lo alto de mi copa. De ese fugaz momento, no tiene la peque\u00f1a ni un solo recuerdo, pues adquieren los humanos m\u00e1s tarde, ese conocimiento.<\/p>\n\n\n\n<p>La ni\u00f1a viv\u00eda muy lejos, pero era el padre natural de Santa Margarita y hablaba a menudo de este roble en casa, recordando tiempos de su infancia. No es extra\u00f1o entonces, que la peque\u00f1a creciera, sintiendo una admiraci\u00f3n profunda por aquel anciano verde, que hab\u00eda visto crecer a su padre, antes de que \u00e9l embarcara rumbo a Buenos Aires.<\/p>\n\n\n\n<p>Volvi\u00f3 la ni\u00f1a hecha joven mujer. Se entreten\u00eda visitando a este \u201ccarballo\u201d, al que contaba las alegr\u00edas y penas que sent\u00eda a sus diecinueve a\u00f1os. Desprend\u00eda felicidad y gustaba enormemente a este abuelo centenario, o\u00edrla canturrear. Bajaba por el camino cantando hasta el centro de la ciudad, canciones populares gallegas, que probablemente sus padres le transmitieran. Comparti\u00f3 con su madre, maravillosos momentos, a la sombra de este roble viejo. Aun recuerdo, aquellas cosquillas, que su larga melena al viento, provocaban en el tronco maltrecho, del \u00e1rbol de sus recuerdos. Abrazaba casi a diario al vecino anciano, como si abrazara a un padre o un abuelo. Sent\u00eda a trav\u00e9s del tacto de sus manos en mi tronco, la Galicia de sus padres que, en Buenos Aires, escuchaba s\u00f3lo de lejos.<\/p>\n\n\n\n<p>Ese viaje de 1979 qued\u00f3 marcado en su vida a fuego, porque atesor\u00f3 innumerables recuerdos, que ella entonces no sab\u00eda, ten\u00edan una gran val\u00eda. Hab\u00eda capturado instantes de felicidad con su madre, que cuatro a\u00f1os m\u00e1s tarde, fallecer\u00eda. Regres\u00f3 Mar\u00eda del Carmen al barrio tras ese triste suceso y solo quer\u00eda estar con su abuela Do\u00f1a Peregrina, pues encontraba en ella el consuelo, que con nadie m\u00e1s ten\u00eda.<\/p>\n\n\n\n<p>Este \u00e1rbol qued\u00f3 tambi\u00e9n hu\u00e9rfano de su cari\u00f1o, pues abrazar al viejo, como anta\u00f1o hab\u00eda hecho, tra\u00eda una a\u00f1oranza y amargura tal, que era imposible afrontar, en aquel momento.<\/p>\n\n\n\n<p>El tiempo, que es como una cura, convirti\u00f3 dolor en recuerdo. Y esa alma de mujer que reside en Argentina, ans\u00eda de nuevo, seg\u00fan ha llegado a conocimiento de este abuelo, volver a ver este tronco y abrazarlo, como hab\u00eda hecho cuando su madre viv\u00eda.<\/p>\n\n\n\n<p>Y aqu\u00ed despido esta historia de gentes del barrio y sus descendientes, enviando un frondoso abrazo a Mar\u00eda del Carmen Otero, para la que este \u201ccarballo\u201d es mucho m\u00e1s que un \u00e1rbol viejo.<\/p>\n\n\n\n<p>Robustus Robur<\/p>\n\n\n\n<p><\/p>\n","protected":false},"excerpt":{"rendered":"<p>La historia de una ni\u00f1a que sue\u00f1a con volver a ver al roble de Santa Margarita, a quien le unen tiernos recuerdos de juventud vividos con su madre, que falleci\u00f3 a temprana edad.<\/p>\n","protected":false},"author":1,"featured_media":3653,"comment_status":"open","ping_status":"open","sticky":false,"template":"","format":"standard","meta":[],"categories":[1],"tags":[21,13,20,23,24,16,17,15,19],"jetpack_featured_media_url":"https:\/\/carballodesantamargarida.org\/robusrobur\/wp-content\/uploads\/2021\/06\/20210613_Carmen-otero-2.png","yoast_head":"<!-- This site is optimized with the Yoast SEO plugin v15.3 - https:\/\/yoast.com\/wordpress\/plugins\/seo\/ -->\n<title>Recuerdos de ni\u00f1a, sue\u00f1os de mujer - Roble de Santa Margarita - Carballo de Santa Margarida<\/title>\n<meta name=\"robots\" content=\"index, follow, max-snippet:-1, max-image-preview:large, max-video-preview:-1\" \/>\n<link rel=\"canonical\" href=\"https:\/\/carballodesantamargarida.org\/robusrobur\/index.php\/2021\/06\/13\/recuerdos-de-nina-suenos-de-mujer\/\" \/>\n<meta property=\"og:locale\" content=\"es_ES\" \/>\n<meta property=\"og:type\" content=\"article\" \/>\n<meta property=\"og:title\" content=\"Recuerdos de ni\u00f1a, sue\u00f1os de mujer - Roble de Santa Margarita - Carballo de Santa Margarida\" \/>\n<meta property=\"og:description\" content=\"La historia de una ni\u00f1a que sue\u00f1a con volver a ver al roble de Santa Margarita, a quien le unen tiernos recuerdos de juventud vividos con su madre, que falleci\u00f3 a temprana edad.\" \/>\n<meta property=\"og:url\" content=\"https:\/\/carballodesantamargarida.org\/robusrobur\/index.php\/2021\/06\/13\/recuerdos-de-nina-suenos-de-mujer\/\" \/>\n<meta property=\"og:site_name\" content=\"Roble de Santa Margarita - Carballo de Santa Margarida\" \/>\n<meta property=\"article:publisher\" content=\"https:\/\/www.facebook.com\/ACRobusRobur\" \/>\n<meta property=\"article:published_time\" content=\"2021-06-13T11:24:19+00:00\" \/>\n<meta property=\"article:modified_time\" content=\"2022-05-11T17:11:22+00:00\" \/>\n<meta property=\"og:image\" content=\"https:\/\/carballodesantamargarida.org\/robusrobur\/wp-content\/uploads\/2021\/06\/20210613_Carmen-otero-2.png\" \/>\n\t<meta property=\"og:image:width\" content=\"897\" \/>\n\t<meta property=\"og:image:height\" content=\"909\" \/>\n<meta name=\"twitter:card\" content=\"summary_large_image\" \/>\n<meta name=\"twitter:label1\" content=\"Escrito por\">\n\t<meta name=\"twitter:data1\" content=\"admin\">\n\t<meta name=\"twitter:label2\" content=\"Tiempo de lectura\">\n\t<meta name=\"twitter:data2\" content=\"2 minutos\">\n<script type=\"application\/ld+json\" class=\"yoast-schema-graph\">{\"@context\":\"https:\/\/schema.org\",\"@graph\":[{\"@type\":\"Organization\",\"@id\":\"https:\/\/carballodesantamargarida.org\/robusrobur\/#organization\",\"name\":\"Asociaci\\u00f3n Cultural Robus Robur\",\"url\":\"https:\/\/carballodesantamargarida.org\/robusrobur\/\",\"sameAs\":[\"https:\/\/www.facebook.com\/ACRobusRobur\",\"https:\/\/www.instagram.com\/robusrobur\/\",\"https:\/\/es.wikipedia.org\/wiki\/Archivo:Roble_de_Santa_Margarita.jpg\"],\"logo\":{\"@type\":\"ImageObject\",\"@id\":\"https:\/\/carballodesantamargarida.org\/robusrobur\/#logo\",\"inLanguage\":\"es\",\"url\":\"https:\/\/carballodesantamargarida.org\/robusrobur\/wp-content\/uploads\/2020\/12\/cropped-20201221_Logo-tronco-marron-con-nombre-2.jpg\",\"width\":160,\"height\":128,\"caption\":\"Asociaci\\u00f3n Cultural Robus Robur\"},\"image\":{\"@id\":\"https:\/\/carballodesantamargarida.org\/robusrobur\/#logo\"}},{\"@type\":\"WebSite\",\"@id\":\"https:\/\/carballodesantamargarida.org\/robusrobur\/#website\",\"url\":\"https:\/\/carballodesantamargarida.org\/robusrobur\/\",\"name\":\"Roble de Santa Margarita - Carballo de Santa Margarida\",\"description\":\"Patrimonio Natural y Cultural del Carballo de Santa Margarita (Robus Robur). Naturaleza, Biolog\\u00eda, zoolog\\u00eda, estaciones del a\\u00f1o, poes\\u00eda, fotograf\\u00edas, artes pl\\u00e1sticas, recuerdos familiares, historia y simbolismo el este roble. P\\u00e1gina gamificada, incluye juego del Bellota-game y reto del Bellota-game Agallas.\",\"publisher\":{\"@id\":\"https:\/\/carballodesantamargarida.org\/robusrobur\/#organization\"},\"potentialAction\":[{\"@type\":\"SearchAction\",\"target\":\"https:\/\/carballodesantamargarida.org\/robusrobur\/?s={search_term_string}\",\"query-input\":\"required name=search_term_string\"}],\"inLanguage\":\"es\"},{\"@type\":\"ImageObject\",\"@id\":\"https:\/\/carballodesantamargarida.org\/robusrobur\/index.php\/2021\/06\/13\/recuerdos-de-nina-suenos-de-mujer\/#primaryimage\",\"inLanguage\":\"es\",\"url\":\"https:\/\/carballodesantamargarida.org\/robusrobur\/wp-content\/uploads\/2021\/06\/20210613_Carmen-otero-2.png\",\"width\":897,\"height\":909},{\"@type\":[\"WebPage\",\"ItemPage\"],\"@id\":\"https:\/\/carballodesantamargarida.org\/robusrobur\/index.php\/2021\/06\/13\/recuerdos-de-nina-suenos-de-mujer\/#webpage\",\"url\":\"https:\/\/carballodesantamargarida.org\/robusrobur\/index.php\/2021\/06\/13\/recuerdos-de-nina-suenos-de-mujer\/\",\"name\":\"Recuerdos de ni\\u00f1a, sue\\u00f1os de mujer - Roble de Santa Margarita - Carballo de Santa Margarida\",\"isPartOf\":{\"@id\":\"https:\/\/carballodesantamargarida.org\/robusrobur\/#website\"},\"primaryImageOfPage\":{\"@id\":\"https:\/\/carballodesantamargarida.org\/robusrobur\/index.php\/2021\/06\/13\/recuerdos-de-nina-suenos-de-mujer\/#primaryimage\"},\"datePublished\":\"2021-06-13T11:24:19+00:00\",\"dateModified\":\"2022-05-11T17:11:22+00:00\",\"inLanguage\":\"es\",\"potentialAction\":[{\"@type\":\"ReadAction\",\"target\":[\"https:\/\/carballodesantamargarida.org\/robusrobur\/index.php\/2021\/06\/13\/recuerdos-de-nina-suenos-de-mujer\/\"]}]},{\"@type\":\"Article\",\"@id\":\"https:\/\/carballodesantamargarida.org\/robusrobur\/index.php\/2021\/06\/13\/recuerdos-de-nina-suenos-de-mujer\/#article\",\"isPartOf\":{\"@id\":\"https:\/\/carballodesantamargarida.org\/robusrobur\/index.php\/2021\/06\/13\/recuerdos-de-nina-suenos-de-mujer\/#webpage\"},\"author\":{\"@id\":\"https:\/\/carballodesantamargarida.org\/robusrobur\/#\/schema\/person\/446e16ae3e225c4fcb4c5e4f57370987\"},\"headline\":\"Recuerdos de ni\\u00f1a, sue\\u00f1os de mujer\",\"datePublished\":\"2021-06-13T11:24:19+00:00\",\"dateModified\":\"2022-05-11T17:11:22+00:00\",\"mainEntityOfPage\":{\"@id\":\"https:\/\/carballodesantamargarida.org\/robusrobur\/index.php\/2021\/06\/13\/recuerdos-de-nina-suenos-de-mujer\/#webpage\"},\"commentCount\":1,\"publisher\":{\"@id\":\"https:\/\/carballodesantamargarida.org\/robusrobur\/#organization\"},\"image\":{\"@id\":\"https:\/\/carballodesantamargarida.org\/robusrobur\/index.php\/2021\/06\/13\/recuerdos-de-nina-suenos-de-mujer\/#primaryimage\"},\"keywords\":\"A\\u00f1oranza,Emigraci\\u00f3n,Emotividad,Familia,Historias entra\\u00f1ables,Patrimonio inmaterial,Patrimonio natural,Roble,Santa Margarita\",\"articleSection\":\"Gentes del barrio\",\"inLanguage\":\"es\",\"potentialAction\":[{\"@type\":\"CommentAction\",\"name\":\"Comment\",\"target\":[\"https:\/\/carballodesantamargarida.org\/robusrobur\/index.php\/2021\/06\/13\/recuerdos-de-nina-suenos-de-mujer\/#respond\"]}]},{\"@type\":\"Person\",\"@id\":\"https:\/\/carballodesantamargarida.org\/robusrobur\/#\/schema\/person\/446e16ae3e225c4fcb4c5e4f57370987\",\"name\":\"admin\",\"image\":{\"@type\":\"ImageObject\",\"@id\":\"https:\/\/carballodesantamargarida.org\/robusrobur\/#personlogo\",\"inLanguage\":\"es\",\"url\":\"https:\/\/secure.gravatar.com\/avatar\/5a549151b302749e3d15f139a22300a6?s=96&d=mm&r=g\",\"caption\":\"admin\"},\"sameAs\":[\"https:\/\/carballodesantamargarida.org\/robusrobur\"]}]}<\/script>\n<!-- \/ Yoast SEO plugin. -->","_links":{"self":[{"href":"https:\/\/carballodesantamargarida.org\/robusrobur\/index.php\/wp-json\/wp\/v2\/posts\/3652"}],"collection":[{"href":"https:\/\/carballodesantamargarida.org\/robusrobur\/index.php\/wp-json\/wp\/v2\/posts"}],"about":[{"href":"https:\/\/carballodesantamargarida.org\/robusrobur\/index.php\/wp-json\/wp\/v2\/types\/post"}],"author":[{"embeddable":true,"href":"https:\/\/carballodesantamargarida.org\/robusrobur\/index.php\/wp-json\/wp\/v2\/users\/1"}],"replies":[{"embeddable":true,"href":"https:\/\/carballodesantamargarida.org\/robusrobur\/index.php\/wp-json\/wp\/v2\/comments?post=3652"}],"version-history":[{"count":8,"href":"https:\/\/carballodesantamargarida.org\/robusrobur\/index.php\/wp-json\/wp\/v2\/posts\/3652\/revisions"}],"predecessor-version":[{"id":4167,"href":"https:\/\/carballodesantamargarida.org\/robusrobur\/index.php\/wp-json\/wp\/v2\/posts\/3652\/revisions\/4167"}],"wp:featuredmedia":[{"embeddable":true,"href":"https:\/\/carballodesantamargarida.org\/robusrobur\/index.php\/wp-json\/wp\/v2\/media\/3653"}],"wp:attachment":[{"href":"https:\/\/carballodesantamargarida.org\/robusrobur\/index.php\/wp-json\/wp\/v2\/media?parent=3652"}],"wp:term":[{"taxonomy":"category","embeddable":true,"href":"https:\/\/carballodesantamargarida.org\/robusrobur\/index.php\/wp-json\/wp\/v2\/categories?post=3652"},{"taxonomy":"post_tag","embeddable":true,"href":"https:\/\/carballodesantamargarida.org\/robusrobur\/index.php\/wp-json\/wp\/v2\/tags?post=3652"}],"curies":[{"name":"wp","href":"https:\/\/api.w.org\/{rel}","templated":true}]}}