{"id":3584,"date":"2021-05-30T12:37:52","date_gmt":"2021-05-30T12:37:52","guid":{"rendered":"https:\/\/carballodesantamargarida.org\/robusrobur\/?p=3584"},"modified":"2022-05-11T17:13:18","modified_gmt":"2022-05-11T17:13:18","slug":"josefa-la-de-los-96-anos","status":"publish","type":"post","link":"https:\/\/carballodesantamargarida.org\/robusrobur\/index.php\/2021\/05\/30\/josefa-la-de-los-96-anos\/","title":{"rendered":"Josefa, la de los 96 a\u00f1os"},"content":{"rendered":"\n<p>\u00c9rase una vez hace muchas muchas d\u00e9cadas, viv\u00eda en esa casa de ah\u00ed al lado, una familia de nombre Moreira, que a un cura, la parcela hab\u00eda comprado. Eran un matrimonio con tres bonitas hijas. Gentes de bien, que compart\u00edan conmigo el d\u00eda a d\u00eda, y escrib\u00edan, nuevos recuerdos sobre estos c\u00edrculos conc\u00e9ntricos, que dicen la edad que tengo.<\/p>\n\n\n\n<p>Era esa una \u00e9poca dura, en la que hab\u00eda muchas penalidades y hambruna. A ellos sin embargo, de comer nunca les falt\u00f3, pues recursos de la tierra sacaban y un peque\u00f1o ganado ten\u00edan, que a veces, con las bellotas de este noble \u00e1rbol, alimentaban. Trabajan de sol a sol para cuidar de todo lo dado, que eran tiempos aquellos, en los que los ni\u00f1os arrimaban el hombro, casi tanto como aquellos que los criaban.<\/p>\n\n\n\n<p><strong>Versi\u00f3n audio ( en la voz de Cristina, Pontevedra)<\/strong><\/p>\n\n\n\n<figure class=\"wp-block-audio\"><audio controls src=\"https:\/\/carballodesantamargarida.org\/robusrobur\/wp-content\/uploads\/2022\/04\/Josefa-la-de-los-96-anos-Cristina-de-Pontevedra.mp3\"><\/audio><\/figure>\n\n\n\n<p>Josefa era una de las hermanas \u00a1Ay, c\u00f3mo disfrutaba en el atrio de mi casa! \u00a1Y cu\u00e1ntas inocentes travesuras se le ocurr\u00edan, para pasar los ratos que ten\u00eda libres, sin juguetes, que en esos tiempos apenas hab\u00eda. Recuerdo con claridad cuando jugaban a eso que &#8220;El escondite&#8221; llamaban. Trepaba ella por unos pelda\u00f1os, que el paso del tiempo hab\u00eda generado, en una parte de este &#8220;carballo&#8221;. Sub\u00eda con la agilidad de un galgo y en una oquedad que hab\u00eda, se escond\u00eda, mientras ve\u00eda desde lo alto, como aquellos que la persegu\u00edan, daban vueltas en vano. En los d\u00edas que hab\u00eda fiesta, volv\u00edan locos a los m\u00fasicos de las bandas. Pues sin que ellos los vieran, tiraban flores dentro del tubo de los instrumentos de viento, y por mucho que aquellos hombres soplaban para hacerlos sonar, emit\u00edan un sonido hueco. Contemplando aquellas escenas, este viejo &#8220;carballo&#8221;, no pod\u00eda sino contener la risa, para evitar que un castigo cayera, sobre ese peque\u00f1o diablo.<\/p>\n\n\n\n<p>Las hermanas de Josefa estudiaron, se qued\u00f3 sin embargo ella, como guardiana del campo. A las seis de la ma\u00f1ana abr\u00eda los ojos y en seguida sal\u00eda de casa, para atender a los animales, a los cultivos y a los \u00e1rboles. La segu\u00eda siempre con la mirada y no pod\u00eda dejar de admirar, como aquella fuerte joven, trabajaba. Algunas veces la o\u00eda so\u00f1ar en alto, con embarcar para hacer las am\u00e9ricas y dejar atr\u00e1s esa vida tan dura, de esfuerzo y mucho trabajo.<\/p>\n\n\n\n<p>Quiso el destino, que nunca abandonara a este &#8220;carballo&#8221;, y puso delante de ella a un joven del vecindario. Quincea\u00f1era comenz\u00f3 un largo noviazgo, que acab\u00f3 tras siete a\u00f1os. Cuando el muchacho se licenci\u00f3 del servicio militar que le reten\u00eda todo el rato, contrajo matrimonio con su Josefa, e iniciaron una vida juntos que mantuvo el amor, sesenta y cinco a\u00f1os.<\/p>\n\n\n\n<p>Josefi\u00f1a naci\u00f3, se crio y se cas\u00f3 junto al &#8220;carballo&#8221; centenario y dio vida a tres varones, que muchas aventuras y alegr\u00edas trajeron, a su vecino de al lado. Viene a mi recuerdo todav\u00eda, como aquel ingenioso muchacho, que Emilio Jos\u00e9 de nombre llamaron, esperaba con ilusi\u00f3n a las fiestas, pues con las ca\u00f1as y cuerdas de cohetes, fabricaba cometas, que surcaban el cielo de Santa Margarita, como estorninos en el azul de Pontevedra.<\/p>\n\n\n\n<p>Dejo aqu\u00ed esta historia de gentes del barrio, despidi\u00e9ndome de Josefa, la que viv\u00eda al lado, que ayer a sus 96 a\u00f1os, conoci\u00f3 por primera vez un ordenador, y exclam\u00f3 al ver mi hogar en la nube: \u00a1Qu\u00e9 vieji\u00f1o est\u00e1 el &#8220;carballo&#8221;!<\/p>\n","protected":false},"excerpt":{"rendered":"<p>Relato sobre Josefa, una de las vecinas vivas, m\u00e1s longevas del barrio, que a sus 96 a\u00f1os todav\u00eda conserva numerosos recuerdos del roble y del barrio.<\/p>\n","protected":false},"author":1,"featured_media":3597,"comment_status":"open","ping_status":"open","sticky":false,"template":"","format":"standard","meta":[],"categories":[1],"tags":[20,23,15,19,12],"jetpack_featured_media_url":"https:\/\/carballodesantamargarida.org\/robusrobur\/wp-content\/uploads\/2021\/05\/20210530_Josefa-la-de-los-96-anos-2-fondo-blanco.png","yoast_head":"<!-- This site is optimized with the Yoast SEO plugin v15.3 - https:\/\/yoast.com\/wordpress\/plugins\/seo\/ -->\n<title>Josefa, la de los 96 a\u00f1os - Roble de Santa Margarita - Carballo de Santa Margarida<\/title>\n<meta name=\"robots\" content=\"index, follow, max-snippet:-1, max-image-preview:large, max-video-preview:-1\" \/>\n<link rel=\"canonical\" href=\"https:\/\/carballodesantamargarida.org\/robusrobur\/index.php\/2021\/05\/30\/josefa-la-de-los-96-anos\/\" \/>\n<meta property=\"og:locale\" content=\"es_ES\" \/>\n<meta property=\"og:type\" content=\"article\" \/>\n<meta property=\"og:title\" content=\"Josefa, la de los 96 a\u00f1os - Roble de Santa Margarita - Carballo de Santa Margarida\" \/>\n<meta property=\"og:description\" content=\"Relato sobre Josefa, una de las vecinas vivas, m\u00e1s longevas del barrio, que a sus 96 a\u00f1os todav\u00eda conserva numerosos recuerdos del roble y del barrio.\" \/>\n<meta property=\"og:url\" content=\"https:\/\/carballodesantamargarida.org\/robusrobur\/index.php\/2021\/05\/30\/josefa-la-de-los-96-anos\/\" \/>\n<meta property=\"og:site_name\" content=\"Roble de Santa Margarita - Carballo de Santa Margarida\" \/>\n<meta property=\"article:publisher\" content=\"https:\/\/www.facebook.com\/ACRobusRobur\" \/>\n<meta property=\"article:published_time\" content=\"2021-05-30T12:37:52+00:00\" \/>\n<meta property=\"article:modified_time\" content=\"2022-05-11T17:13:18+00:00\" \/>\n<meta property=\"og:image\" content=\"https:\/\/carballodesantamargarida.org\/robusrobur\/wp-content\/uploads\/2021\/05\/20210530_Josefa-la-de-los-96-anos-2-fondo-blanco-1024x598.png\" \/>\n\t<meta property=\"og:image:width\" content=\"1024\" \/>\n\t<meta property=\"og:image:height\" content=\"598\" \/>\n<meta name=\"twitter:card\" content=\"summary_large_image\" \/>\n<meta name=\"twitter:label1\" content=\"Escrito por\">\n\t<meta name=\"twitter:data1\" content=\"admin\">\n\t<meta name=\"twitter:label2\" content=\"Tiempo de lectura\">\n\t<meta name=\"twitter:data2\" content=\"2 minutos\">\n<script type=\"application\/ld+json\" class=\"yoast-schema-graph\">{\"@context\":\"https:\/\/schema.org\",\"@graph\":[{\"@type\":\"Organization\",\"@id\":\"https:\/\/carballodesantamargarida.org\/robusrobur\/#organization\",\"name\":\"Asociaci\\u00f3n Cultural Robus Robur\",\"url\":\"https:\/\/carballodesantamargarida.org\/robusrobur\/\",\"sameAs\":[\"https:\/\/www.facebook.com\/ACRobusRobur\",\"https:\/\/www.instagram.com\/robusrobur\/\",\"https:\/\/es.wikipedia.org\/wiki\/Archivo:Roble_de_Santa_Margarita.jpg\"],\"logo\":{\"@type\":\"ImageObject\",\"@id\":\"https:\/\/carballodesantamargarida.org\/robusrobur\/#logo\",\"inLanguage\":\"es\",\"url\":\"https:\/\/carballodesantamargarida.org\/robusrobur\/wp-content\/uploads\/2020\/12\/cropped-20201221_Logo-tronco-marron-con-nombre-2.jpg\",\"width\":160,\"height\":128,\"caption\":\"Asociaci\\u00f3n Cultural Robus Robur\"},\"image\":{\"@id\":\"https:\/\/carballodesantamargarida.org\/robusrobur\/#logo\"}},{\"@type\":\"WebSite\",\"@id\":\"https:\/\/carballodesantamargarida.org\/robusrobur\/#website\",\"url\":\"https:\/\/carballodesantamargarida.org\/robusrobur\/\",\"name\":\"Roble de Santa Margarita - Carballo de Santa Margarida\",\"description\":\"Patrimonio Natural y Cultural del Carballo de Santa Margarita (Robus Robur). Naturaleza, Biolog\\u00eda, zoolog\\u00eda, estaciones del a\\u00f1o, poes\\u00eda, fotograf\\u00edas, artes pl\\u00e1sticas, recuerdos familiares, historia y simbolismo el este roble. P\\u00e1gina gamificada, incluye juego del Bellota-game y reto del Bellota-game Agallas.\",\"publisher\":{\"@id\":\"https:\/\/carballodesantamargarida.org\/robusrobur\/#organization\"},\"potentialAction\":[{\"@type\":\"SearchAction\",\"target\":\"https:\/\/carballodesantamargarida.org\/robusrobur\/?s={search_term_string}\",\"query-input\":\"required name=search_term_string\"}],\"inLanguage\":\"es\"},{\"@type\":\"ImageObject\",\"@id\":\"https:\/\/carballodesantamargarida.org\/robusrobur\/index.php\/2021\/05\/30\/josefa-la-de-los-96-anos\/#primaryimage\",\"inLanguage\":\"es\",\"url\":\"https:\/\/carballodesantamargarida.org\/robusrobur\/wp-content\/uploads\/2021\/05\/20210530_Josefa-la-de-los-96-anos-2-fondo-blanco.png\",\"width\":4740,\"height\":2766},{\"@type\":[\"WebPage\",\"ItemPage\"],\"@id\":\"https:\/\/carballodesantamargarida.org\/robusrobur\/index.php\/2021\/05\/30\/josefa-la-de-los-96-anos\/#webpage\",\"url\":\"https:\/\/carballodesantamargarida.org\/robusrobur\/index.php\/2021\/05\/30\/josefa-la-de-los-96-anos\/\",\"name\":\"Josefa, la de los 96 a\\u00f1os - Roble de Santa Margarita - Carballo de Santa Margarida\",\"isPartOf\":{\"@id\":\"https:\/\/carballodesantamargarida.org\/robusrobur\/#website\"},\"primaryImageOfPage\":{\"@id\":\"https:\/\/carballodesantamargarida.org\/robusrobur\/index.php\/2021\/05\/30\/josefa-la-de-los-96-anos\/#primaryimage\"},\"datePublished\":\"2021-05-30T12:37:52+00:00\",\"dateModified\":\"2022-05-11T17:13:18+00:00\",\"inLanguage\":\"es\",\"potentialAction\":[{\"@type\":\"ReadAction\",\"target\":[\"https:\/\/carballodesantamargarida.org\/robusrobur\/index.php\/2021\/05\/30\/josefa-la-de-los-96-anos\/\"]}]},{\"@type\":\"Article\",\"@id\":\"https:\/\/carballodesantamargarida.org\/robusrobur\/index.php\/2021\/05\/30\/josefa-la-de-los-96-anos\/#article\",\"isPartOf\":{\"@id\":\"https:\/\/carballodesantamargarida.org\/robusrobur\/index.php\/2021\/05\/30\/josefa-la-de-los-96-anos\/#webpage\"},\"author\":{\"@id\":\"https:\/\/carballodesantamargarida.org\/robusrobur\/#\/schema\/person\/446e16ae3e225c4fcb4c5e4f57370987\"},\"headline\":\"Josefa, la de los 96 a\\u00f1os\",\"datePublished\":\"2021-05-30T12:37:52+00:00\",\"dateModified\":\"2022-05-11T17:13:18+00:00\",\"mainEntityOfPage\":{\"@id\":\"https:\/\/carballodesantamargarida.org\/robusrobur\/index.php\/2021\/05\/30\/josefa-la-de-los-96-anos\/#webpage\"},\"commentCount\":0,\"publisher\":{\"@id\":\"https:\/\/carballodesantamargarida.org\/robusrobur\/#organization\"},\"image\":{\"@id\":\"https:\/\/carballodesantamargarida.org\/robusrobur\/index.php\/2021\/05\/30\/josefa-la-de-los-96-anos\/#primaryimage\"},\"keywords\":\"Emotividad,Familia,Roble,Santa Margarita,Vecindario\",\"articleSection\":\"Gentes del barrio\",\"inLanguage\":\"es\",\"potentialAction\":[{\"@type\":\"CommentAction\",\"name\":\"Comment\",\"target\":[\"https:\/\/carballodesantamargarida.org\/robusrobur\/index.php\/2021\/05\/30\/josefa-la-de-los-96-anos\/#respond\"]}]},{\"@type\":\"Person\",\"@id\":\"https:\/\/carballodesantamargarida.org\/robusrobur\/#\/schema\/person\/446e16ae3e225c4fcb4c5e4f57370987\",\"name\":\"admin\",\"image\":{\"@type\":\"ImageObject\",\"@id\":\"https:\/\/carballodesantamargarida.org\/robusrobur\/#personlogo\",\"inLanguage\":\"es\",\"url\":\"https:\/\/secure.gravatar.com\/avatar\/5a549151b302749e3d15f139a22300a6?s=96&d=mm&r=g\",\"caption\":\"admin\"},\"sameAs\":[\"https:\/\/carballodesantamargarida.org\/robusrobur\"]}]}<\/script>\n<!-- \/ Yoast SEO plugin. -->","_links":{"self":[{"href":"https:\/\/carballodesantamargarida.org\/robusrobur\/index.php\/wp-json\/wp\/v2\/posts\/3584"}],"collection":[{"href":"https:\/\/carballodesantamargarida.org\/robusrobur\/index.php\/wp-json\/wp\/v2\/posts"}],"about":[{"href":"https:\/\/carballodesantamargarida.org\/robusrobur\/index.php\/wp-json\/wp\/v2\/types\/post"}],"author":[{"embeddable":true,"href":"https:\/\/carballodesantamargarida.org\/robusrobur\/index.php\/wp-json\/wp\/v2\/users\/1"}],"replies":[{"embeddable":true,"href":"https:\/\/carballodesantamargarida.org\/robusrobur\/index.php\/wp-json\/wp\/v2\/comments?post=3584"}],"version-history":[{"count":5,"href":"https:\/\/carballodesantamargarida.org\/robusrobur\/index.php\/wp-json\/wp\/v2\/posts\/3584\/revisions"}],"predecessor-version":[{"id":4169,"href":"https:\/\/carballodesantamargarida.org\/robusrobur\/index.php\/wp-json\/wp\/v2\/posts\/3584\/revisions\/4169"}],"wp:featuredmedia":[{"embeddable":true,"href":"https:\/\/carballodesantamargarida.org\/robusrobur\/index.php\/wp-json\/wp\/v2\/media\/3597"}],"wp:attachment":[{"href":"https:\/\/carballodesantamargarida.org\/robusrobur\/index.php\/wp-json\/wp\/v2\/media?parent=3584"}],"wp:term":[{"taxonomy":"category","embeddable":true,"href":"https:\/\/carballodesantamargarida.org\/robusrobur\/index.php\/wp-json\/wp\/v2\/categories?post=3584"},{"taxonomy":"post_tag","embeddable":true,"href":"https:\/\/carballodesantamargarida.org\/robusrobur\/index.php\/wp-json\/wp\/v2\/tags?post=3584"}],"curies":[{"name":"wp","href":"https:\/\/api.w.org\/{rel}","templated":true}]}}