{"id":3472,"date":"2021-05-22T10:23:55","date_gmt":"2021-05-22T10:23:55","guid":{"rendered":"https:\/\/carballodesantamargarida.org\/robusrobur\/?p=3472"},"modified":"2022-05-11T17:14:21","modified_gmt":"2022-05-11T17:14:21","slug":"carmen-la-de-pancho","status":"publish","type":"post","link":"https:\/\/carballodesantamargarida.org\/robusrobur\/index.php\/2021\/05\/22\/carmen-la-de-pancho\/","title":{"rendered":"Carmen la de Pancho"},"content":{"rendered":"\n<p>\u00c9rase una vez en el barrio, no lejos de este \u00e1rbol, una joven mujer se vest\u00eda de blanco inmaculado. Desde lo alto de mi copa pude verla salir de casa, para casarse por poderes, con un joven que en Brasil la esperaba.<\/p>\n\n\n\n<p>Los festejos de este enlace en la explanada de &#8220;La Paloma&#8221; se celebraron \u00a1Qu\u00e9 entra\u00f1able fue escuchar desde aqu\u00ed y ver con estas hojas, el j\u00fabilo y alegre alboroto, que esta feliz uni\u00f3n causaba!<\/p>\n\n\n\n<p><strong>Versi\u00f3n en audio (en la voz de Olga, Madrid):<\/strong><\/p>\n\n\n\n<figure class=\"wp-block-audio\"><audio controls src=\"https:\/\/carballodesantamargarida.org\/robusrobur\/wp-content\/uploads\/2022\/03\/Carmen-la-de-Pancho.mp3\"><\/audio><\/figure>\n\n\n\n<p>Esta linda pareja, de dos humanos bien guapos, vivi\u00f3 hasta su muerte en una casa grande de aqu\u00ed al lado.<\/p>\n\n\n\n<p>\u00a1Mucho quer\u00edan a este viejo &#8220;carballo&#8221;! \u00a1Y como le gustaba ver a este viejo que la familia iba aumentando! Compart\u00eda con ellos muchas instant\u00e1neas, que debajo de estas ramas, inmortalizaban en fotograf\u00edas y recuerdos, que seguramente en alg\u00fan \u00e1lbum, todav\u00eda guardan. Posaba yo como ellos, con una gran sonrisa en mis ramas y me llenaba de j\u00fabilo ver, que siempre ven\u00edan por aqu\u00ed, a contarme sus andanzas.<\/p>\n\n\n\n<p>Con Carmen, que era como ella se llamaba, pasamos la ermita y yo, muchos momentos entra\u00f1ables. Pues era devota de esta Santa y nunca faltaba, a la misa que el domingo se celebraba. Como otras mujeres del barrio, Carmen cuidaba de nosotros un mes al a\u00f1o. Desde aqu\u00ed la ve\u00eda caminando con flores de su huerta debajo del brazo y aqu\u00ed pasaba algunas horas, adecentando y decorando.<\/p>\n\n\n\n<p>Los tres fuimos compa\u00f1eros durante muchos a\u00f1os, y como yo, ella tambi\u00e9n se fue apagando. Entristec\u00eda a todo el barrio, como esos enfermos ri\u00f1ones, hac\u00edan mella en ella y la iban arrastrando. En los \u00faltimos a\u00f1os, todos los d\u00edas, ve\u00eda con amargura como aquella dolorida figura, entraba en la ambulancia que la recog\u00eda. Regresaba a las pocas horas y all\u00ed mismo, en la puerta, su perrito Pancho, al que hab\u00eda recogido en la perrera, esperaba a su amiga del alma.<\/p>\n\n\n\n<div class=\"wp-block-media-text alignwide has-media-on-the-right is-stacked-on-mobile\" style=\"grid-template-columns:auto 23%\"><figure class=\"wp-block-media-text__media\"><img loading=\"lazy\" width=\"768\" height=\"1024\" src=\"https:\/\/carballodesantamargarida.org\/robusrobur\/wp-content\/uploads\/2021\/05\/Pancho-768x1024.png\" alt=\"\" class=\"wp-image-3476 size-full\" srcset=\"https:\/\/carballodesantamargarida.org\/robusrobur\/wp-content\/uploads\/2021\/05\/Pancho-768x1024.png 768w, https:\/\/carballodesantamargarida.org\/robusrobur\/wp-content\/uploads\/2021\/05\/Pancho-225x300.png 225w, https:\/\/carballodesantamargarida.org\/robusrobur\/wp-content\/uploads\/2021\/05\/Pancho-1152x1536.png 1152w, https:\/\/carballodesantamargarida.org\/robusrobur\/wp-content\/uploads\/2021\/05\/Pancho.png 1200w\" sizes=\"(max-width: 768px) 100vw, 768px\" \/><\/figure><div class=\"wp-block-media-text__content\">\n<p class=\"has-small-font-size\">A su fiel escudero le doli\u00f3 tanto su falta, que cuando Carmen dej\u00f3 el barrio en 2020, sigui\u00f3 en el portal esper\u00e1ndola. Y todos los d\u00edas, con admiraci\u00f3n, veo como a la misma hora que ella regresaba, le espera \u00e9l esperanzado, de que sea ese el d\u00eda que pueda volverla a ver a su Carmen. Y mientras eso no pasa, la espera sentado en su butaca, que aquellos que la quer\u00edan como \u00e9l, han cedido a este ser de cuatro patas, para que al menos con su olor, sienta menos su falta.<\/p>\n<\/div><\/div>\n\n\n\n<p>Y aqu\u00ed dejo esta historia de gentes del barrio, enviando a Alberto, Mar\u00eda Isabel, Pablo, Jos\u00e9 y Pancho un frondoso abrazo de este carballo.<\/p>\n\n\n\n<p>Robustus Robur<\/p>\n\n\n\n<p><\/p>\n","protected":false},"excerpt":{"rendered":"<p>Relato breve sobre Carmen, una de las vecinas del barrio y  el dolor de su perrito Pancho tras el fallecimiento de ella en 2020.<\/p>\n","protected":false},"author":1,"featured_media":3487,"comment_status":"open","ping_status":"open","sticky":false,"template":"","format":"standard","meta":[],"categories":[1],"tags":[22,21,13,20,24,28,26,27,15,19,12],"jetpack_featured_media_url":"https:\/\/carballodesantamargarida.org\/robusrobur\/wp-content\/uploads\/2021\/05\/Mari-carmen-foto-sola-1-e1621680724149.jpg","yoast_head":"<!-- This site is optimized with the Yoast SEO plugin v15.3 - https:\/\/yoast.com\/wordpress\/plugins\/seo\/ -->\n<title>Carmen la de Pancho - Roble de Santa Margarita - Carballo de Santa Margarida<\/title>\n<meta name=\"robots\" content=\"index, follow, max-snippet:-1, max-image-preview:large, max-video-preview:-1\" \/>\n<link rel=\"canonical\" href=\"https:\/\/carballodesantamargarida.org\/robusrobur\/index.php\/2021\/05\/22\/carmen-la-de-pancho\/\" \/>\n<meta property=\"og:locale\" content=\"es_ES\" \/>\n<meta property=\"og:type\" content=\"article\" \/>\n<meta property=\"og:title\" content=\"Carmen la de Pancho - Roble de Santa Margarita - Carballo de Santa Margarida\" \/>\n<meta property=\"og:description\" content=\"Relato breve sobre Carmen, una de las vecinas del barrio y el dolor de su perrito Pancho tras el fallecimiento de ella en 2020.\" \/>\n<meta property=\"og:url\" content=\"https:\/\/carballodesantamargarida.org\/robusrobur\/index.php\/2021\/05\/22\/carmen-la-de-pancho\/\" \/>\n<meta property=\"og:site_name\" content=\"Roble de Santa Margarita - Carballo de Santa Margarida\" \/>\n<meta property=\"article:publisher\" content=\"https:\/\/www.facebook.com\/ACRobusRobur\" \/>\n<meta property=\"article:published_time\" content=\"2021-05-22T10:23:55+00:00\" \/>\n<meta property=\"article:modified_time\" content=\"2022-05-11T17:14:21+00:00\" \/>\n<meta property=\"og:image\" content=\"https:\/\/carballodesantamargarida.org\/robusrobur\/wp-content\/uploads\/2021\/05\/Mari-carmen-foto-sola-1-e1621680724149.jpg\" \/>\n\t<meta property=\"og:image:width\" content=\"800\" \/>\n\t<meta property=\"og:image:height\" content=\"1063\" \/>\n<meta name=\"twitter:card\" content=\"summary_large_image\" \/>\n<meta name=\"twitter:label1\" content=\"Escrito por\">\n\t<meta name=\"twitter:data1\" content=\"admin\">\n\t<meta name=\"twitter:label2\" content=\"Tiempo de lectura\">\n\t<meta name=\"twitter:data2\" content=\"2 minutos\">\n<script type=\"application\/ld+json\" class=\"yoast-schema-graph\">{\"@context\":\"https:\/\/schema.org\",\"@graph\":[{\"@type\":\"Organization\",\"@id\":\"https:\/\/carballodesantamargarida.org\/robusrobur\/#organization\",\"name\":\"Asociaci\\u00f3n Cultural Robus Robur\",\"url\":\"https:\/\/carballodesantamargarida.org\/robusrobur\/\",\"sameAs\":[\"https:\/\/www.facebook.com\/ACRobusRobur\",\"https:\/\/www.instagram.com\/robusrobur\/\",\"https:\/\/es.wikipedia.org\/wiki\/Archivo:Roble_de_Santa_Margarita.jpg\"],\"logo\":{\"@type\":\"ImageObject\",\"@id\":\"https:\/\/carballodesantamargarida.org\/robusrobur\/#logo\",\"inLanguage\":\"es\",\"url\":\"https:\/\/carballodesantamargarida.org\/robusrobur\/wp-content\/uploads\/2020\/12\/cropped-20201221_Logo-tronco-marron-con-nombre-2.jpg\",\"width\":160,\"height\":128,\"caption\":\"Asociaci\\u00f3n Cultural Robus Robur\"},\"image\":{\"@id\":\"https:\/\/carballodesantamargarida.org\/robusrobur\/#logo\"}},{\"@type\":\"WebSite\",\"@id\":\"https:\/\/carballodesantamargarida.org\/robusrobur\/#website\",\"url\":\"https:\/\/carballodesantamargarida.org\/robusrobur\/\",\"name\":\"Roble de Santa Margarita - Carballo de Santa Margarida\",\"description\":\"Patrimonio Natural y Cultural del Carballo de Santa Margarita (Robus Robur). Naturaleza, Biolog\\u00eda, zoolog\\u00eda, estaciones del a\\u00f1o, poes\\u00eda, fotograf\\u00edas, artes pl\\u00e1sticas, recuerdos familiares, historia y simbolismo el este roble. P\\u00e1gina gamificada, incluye juego del Bellota-game y reto del Bellota-game Agallas.\",\"publisher\":{\"@id\":\"https:\/\/carballodesantamargarida.org\/robusrobur\/#organization\"},\"potentialAction\":[{\"@type\":\"SearchAction\",\"target\":\"https:\/\/carballodesantamargarida.org\/robusrobur\/?s={search_term_string}\",\"query-input\":\"required name=search_term_string\"}],\"inLanguage\":\"es\"},{\"@type\":\"ImageObject\",\"@id\":\"https:\/\/carballodesantamargarida.org\/robusrobur\/index.php\/2021\/05\/22\/carmen-la-de-pancho\/#primaryimage\",\"inLanguage\":\"es\",\"url\":\"https:\/\/carballodesantamargarida.org\/robusrobur\/wp-content\/uploads\/2021\/05\/Mari-carmen-foto-sola-1-e1621680724149.jpg\",\"width\":800,\"height\":1063},{\"@type\":[\"WebPage\",\"ItemPage\"],\"@id\":\"https:\/\/carballodesantamargarida.org\/robusrobur\/index.php\/2021\/05\/22\/carmen-la-de-pancho\/#webpage\",\"url\":\"https:\/\/carballodesantamargarida.org\/robusrobur\/index.php\/2021\/05\/22\/carmen-la-de-pancho\/\",\"name\":\"Carmen la de Pancho - Roble de Santa Margarita - Carballo de Santa Margarida\",\"isPartOf\":{\"@id\":\"https:\/\/carballodesantamargarida.org\/robusrobur\/#website\"},\"primaryImageOfPage\":{\"@id\":\"https:\/\/carballodesantamargarida.org\/robusrobur\/index.php\/2021\/05\/22\/carmen-la-de-pancho\/#primaryimage\"},\"datePublished\":\"2021-05-22T10:23:55+00:00\",\"dateModified\":\"2022-05-11T17:14:21+00:00\",\"inLanguage\":\"es\",\"potentialAction\":[{\"@type\":\"ReadAction\",\"target\":[\"https:\/\/carballodesantamargarida.org\/robusrobur\/index.php\/2021\/05\/22\/carmen-la-de-pancho\/\"]}]},{\"@type\":\"Article\",\"@id\":\"https:\/\/carballodesantamargarida.org\/robusrobur\/index.php\/2021\/05\/22\/carmen-la-de-pancho\/#article\",\"isPartOf\":{\"@id\":\"https:\/\/carballodesantamargarida.org\/robusrobur\/index.php\/2021\/05\/22\/carmen-la-de-pancho\/#webpage\"},\"author\":{\"@id\":\"https:\/\/carballodesantamargarida.org\/robusrobur\/#\/schema\/person\/446e16ae3e225c4fcb4c5e4f57370987\"},\"headline\":\"Carmen la de Pancho\",\"datePublished\":\"2021-05-22T10:23:55+00:00\",\"dateModified\":\"2022-05-11T17:14:21+00:00\",\"mainEntityOfPage\":{\"@id\":\"https:\/\/carballodesantamargarida.org\/robusrobur\/index.php\/2021\/05\/22\/carmen-la-de-pancho\/#webpage\"},\"commentCount\":7,\"publisher\":{\"@id\":\"https:\/\/carballodesantamargarida.org\/robusrobur\/#organization\"},\"image\":{\"@id\":\"https:\/\/carballodesantamargarida.org\/robusrobur\/index.php\/2021\/05\/22\/carmen-la-de-pancho\/#primaryimage\"},\"keywords\":\"Animales dom\\u00e9sticos,A\\u00f1oranza,Emigraci\\u00f3n,Emotividad,Historias entra\\u00f1ables,Naturaleza,Perros,Pontevedra,Roble,Santa Margarita,Vecindario\",\"articleSection\":\"Gentes del barrio\",\"inLanguage\":\"es\",\"potentialAction\":[{\"@type\":\"CommentAction\",\"name\":\"Comment\",\"target\":[\"https:\/\/carballodesantamargarida.org\/robusrobur\/index.php\/2021\/05\/22\/carmen-la-de-pancho\/#respond\"]}]},{\"@type\":\"Person\",\"@id\":\"https:\/\/carballodesantamargarida.org\/robusrobur\/#\/schema\/person\/446e16ae3e225c4fcb4c5e4f57370987\",\"name\":\"admin\",\"image\":{\"@type\":\"ImageObject\",\"@id\":\"https:\/\/carballodesantamargarida.org\/robusrobur\/#personlogo\",\"inLanguage\":\"es\",\"url\":\"https:\/\/secure.gravatar.com\/avatar\/5a549151b302749e3d15f139a22300a6?s=96&d=mm&r=g\",\"caption\":\"admin\"},\"sameAs\":[\"https:\/\/carballodesantamargarida.org\/robusrobur\"]}]}<\/script>\n<!-- \/ Yoast SEO plugin. -->","_links":{"self":[{"href":"https:\/\/carballodesantamargarida.org\/robusrobur\/index.php\/wp-json\/wp\/v2\/posts\/3472"}],"collection":[{"href":"https:\/\/carballodesantamargarida.org\/robusrobur\/index.php\/wp-json\/wp\/v2\/posts"}],"about":[{"href":"https:\/\/carballodesantamargarida.org\/robusrobur\/index.php\/wp-json\/wp\/v2\/types\/post"}],"author":[{"embeddable":true,"href":"https:\/\/carballodesantamargarida.org\/robusrobur\/index.php\/wp-json\/wp\/v2\/users\/1"}],"replies":[{"embeddable":true,"href":"https:\/\/carballodesantamargarida.org\/robusrobur\/index.php\/wp-json\/wp\/v2\/comments?post=3472"}],"version-history":[{"count":11,"href":"https:\/\/carballodesantamargarida.org\/robusrobur\/index.php\/wp-json\/wp\/v2\/posts\/3472\/revisions"}],"predecessor-version":[{"id":4170,"href":"https:\/\/carballodesantamargarida.org\/robusrobur\/index.php\/wp-json\/wp\/v2\/posts\/3472\/revisions\/4170"}],"wp:featuredmedia":[{"embeddable":true,"href":"https:\/\/carballodesantamargarida.org\/robusrobur\/index.php\/wp-json\/wp\/v2\/media\/3487"}],"wp:attachment":[{"href":"https:\/\/carballodesantamargarida.org\/robusrobur\/index.php\/wp-json\/wp\/v2\/media?parent=3472"}],"wp:term":[{"taxonomy":"category","embeddable":true,"href":"https:\/\/carballodesantamargarida.org\/robusrobur\/index.php\/wp-json\/wp\/v2\/categories?post=3472"},{"taxonomy":"post_tag","embeddable":true,"href":"https:\/\/carballodesantamargarida.org\/robusrobur\/index.php\/wp-json\/wp\/v2\/tags?post=3472"}],"curies":[{"name":"wp","href":"https:\/\/api.w.org\/{rel}","templated":true}]}}